{"id":2027,"date":"2026-01-13T16:13:48","date_gmt":"2026-01-13T15:13:48","guid":{"rendered":"https:\/\/wpd.ugr.es\/~arostegu\/?p=2027"},"modified":"2026-01-13T17:09:58","modified_gmt":"2026-01-13T16:09:58","slug":"educar-para-la-incertidumbre","status":"publish","type":"post","link":"https:\/\/wpd.ugr.es\/~arostegu\/educar-para-la-incertidumbre\/","title":{"rendered":"Educar para la incertidumbre"},"content":{"rendered":"\t\t<div data-elementor-type=\"wp-post\" data-elementor-id=\"2027\" class=\"elementor elementor-2027\" data-elementor-post-type=\"post\">\n\t\t\t\t\t\t\t<div class=\"elementor-element elementor-element-190fc779 e-flex e-con-boxed e-con e-parent\" data-id=\"190fc779\" data-element_type=\"container\" data-settings=\"{&quot;content_width&quot;:&quot;boxed&quot;}\" data-core-v316-plus=\"true\">\n\t\t\t\t\t<div class=\"e-con-inner\">\n\t\t\t\t<div class=\"elementor-element elementor-element-5711bfb6 elementor-widget elementor-widget-text-editor\" data-id=\"5711bfb6\" data-element_type=\"widget\" data-widget_type=\"text-editor.default\">\n\t\t\t\t<div class=\"elementor-widget-container\">\n\t\t\t<style>\/*! elementor - v3.17.0 - 08-11-2023 *\/\n.elementor-widget-text-editor.elementor-drop-cap-view-stacked .elementor-drop-cap{background-color:#69727d;color:#fff}.elementor-widget-text-editor.elementor-drop-cap-view-framed .elementor-drop-cap{color:#69727d;border:3px solid;background-color:transparent}.elementor-widget-text-editor:not(.elementor-drop-cap-view-default) .elementor-drop-cap{margin-top:8px}.elementor-widget-text-editor:not(.elementor-drop-cap-view-default) .elementor-drop-cap-letter{width:1em;height:1em}.elementor-widget-text-editor .elementor-drop-cap{float:left;text-align:center;line-height:1;font-size:50px}.elementor-widget-text-editor .elementor-drop-cap-letter{display:inline-block}<\/style>\t\t\t\t<p><!-- wp:heading {\"level\":3} --><\/p>\n<h3>Ar\u00f3stegui, J. L. y Pe\u00f1alba, A. (2026). Educar para la<br \/>incertidumbre. Competencias transversales<br \/>y proyectos interdisciplinarios<br \/>en la educaci\u00f3n obligatoria. <em>Eufon\u00eda<\/em>, <i>106,<\/i> 59\u201367.<\/h3>\n<p><!-- \/wp:heading --><!-- wp:image {\"align\":\"left\",\"id\":717,\"width\":139,\"height\":185} --><\/p>\n<p><a href=\"http:\/\/wpd.ugr.es\/~arostegu\/wp-content\/uploads\/Eufonia.jpg\"><img fetchpriority=\"high\" decoding=\"async\" class=\"alignleft wp-image-2028 size-medium\" src=\"http:\/\/wpd.ugr.es\/~arostegu\/wp-content\/uploads\/Eufonia-236x300.jpg\" alt=\"\" width=\"236\" height=\"300\" srcset=\"https:\/\/wpd.ugr.es\/~arostegu\/wp-content\/uploads\/Eufonia-236x300.jpg 236w, https:\/\/wpd.ugr.es\/~arostegu\/wp-content\/uploads\/Eufonia-806x1024.jpg 806w, https:\/\/wpd.ugr.es\/~arostegu\/wp-content\/uploads\/Eufonia-768x976.jpg 768w, https:\/\/wpd.ugr.es\/~arostegu\/wp-content\/uploads\/Eufonia-1209x1536.jpg 1209w, https:\/\/wpd.ugr.es\/~arostegu\/wp-content\/uploads\/Eufonia-1612x2048.jpg 1612w, https:\/\/wpd.ugr.es\/~arostegu\/wp-content\/uploads\/Eufonia.jpg 1864w\" sizes=\"(max-width: 236px) 100vw, 236px\" \/><\/a>Vivimos en un mundo lleno de incertidumbres a las<br \/>que la educaci\u00f3n contempor\u00e1nea debe adaptarse<br \/>para dar respuesta mediante competencias<br \/>transversales e interdisciplinariedad. En este<br \/>art\u00edculo de divulgaci\u00f3n se trata c\u00f3mo la m\u00fasica puede servir de<br \/>eje vertebrador de la interdisciplinariedad, la<br \/>creatividad, el emprendimiento, la competencia<br \/>digital y la inclusi\u00f3n para transformar la pr\u00e1ctica educativa.<\/p>\n<p><!-- \/wp:paragraph --><!-- wp:paragraph --><\/p>\n<p><a href=\"https:\/\/www.grao.com\/revistas\/transversalidad-creatividad-e-inclusion-en-proyectos-musicales-escolares-80824\" target=\"_blank\" rel=\"noreferrer noopener\">Castellano<\/a><\/p>\n<p><!-- \/wp:paragraph --><\/p>\t\t\t\t\t\t<\/div>\n\t\t\t\t<\/div>\n\t\t\t\t\t<\/div>\n\t\t\t\t<\/div>\n\t\t<div class=\"elementor-element elementor-element-308a430 e-flex e-con-boxed e-con e-parent\" data-id=\"308a430\" data-element_type=\"container\" data-settings=\"{&quot;content_width&quot;:&quot;boxed&quot;}\" data-core-v316-plus=\"true\">\n\t\t\t\t\t<div class=\"e-con-inner\">\n\t\t\t\t\t<\/div>\n\t\t\t\t<\/div>\n\t\t<div class=\"elementor-element elementor-element-6f029af e-flex e-con-boxed e-con e-parent\" data-id=\"6f029af\" data-element_type=\"container\" data-settings=\"{&quot;content_width&quot;:&quot;boxed&quot;}\" data-core-v316-plus=\"true\">\n\t\t\t\t\t<div class=\"e-con-inner\">\n\t\t\t\t\t<\/div>\n\t\t\t\t<\/div>\n\t\t\t\t\t\t\t<\/div>\n\t\t","protected":false},"excerpt":{"rendered":"<p>Ar\u00f3stegui, J. L. y Pe\u00f1alba, A. (2026). Educar para laincertidumbre. Competencias transversalesy proyectos interdisciplinariosen la educaci\u00f3n obligatoria. Eufon\u00eda, 106, 59\u201367. Castellano<\/p>\n","protected":false},"author":1,"featured_media":2028,"comment_status":"closed","ping_status":"open","sticky":false,"template":"","format":"standard","meta":[],"categories":[14,63,86,7,87],"tags":[85,5],"_links":{"self":[{"href":"https:\/\/wpd.ugr.es\/~arostegu\/wp-json\/wp\/v2\/posts\/2027"}],"collection":[{"href":"https:\/\/wpd.ugr.es\/~arostegu\/wp-json\/wp\/v2\/posts"}],"about":[{"href":"https:\/\/wpd.ugr.es\/~arostegu\/wp-json\/wp\/v2\/types\/post"}],"author":[{"embeddable":true,"href":"https:\/\/wpd.ugr.es\/~arostegu\/wp-json\/wp\/v2\/users\/1"}],"replies":[{"embeddable":true,"href":"https:\/\/wpd.ugr.es\/~arostegu\/wp-json\/wp\/v2\/comments?post=2027"}],"version-history":[{"count":13,"href":"https:\/\/wpd.ugr.es\/~arostegu\/wp-json\/wp\/v2\/posts\/2027\/revisions"}],"predecessor-version":[{"id":2041,"href":"https:\/\/wpd.ugr.es\/~arostegu\/wp-json\/wp\/v2\/posts\/2027\/revisions\/2041"}],"wp:featuredmedia":[{"embeddable":true,"href":"https:\/\/wpd.ugr.es\/~arostegu\/wp-json\/wp\/v2\/media\/2028"}],"wp:attachment":[{"href":"https:\/\/wpd.ugr.es\/~arostegu\/wp-json\/wp\/v2\/media?parent=2027"}],"wp:term":[{"taxonomy":"category","embeddable":true,"href":"https:\/\/wpd.ugr.es\/~arostegu\/wp-json\/wp\/v2\/categories?post=2027"},{"taxonomy":"post_tag","embeddable":true,"href":"https:\/\/wpd.ugr.es\/~arostegu\/wp-json\/wp\/v2\/tags?post=2027"}],"curies":[{"name":"wp","href":"https:\/\/api.w.org\/{rel}","templated":true}]}}