{"id":10,"date":"2022-09-19T15:30:49","date_gmt":"2022-09-19T15:30:49","guid":{"rendered":"http:\/\/wpd.ugr.es\/~battaner\/?p=10"},"modified":"2023-01-04T10:25:48","modified_gmt":"2023-01-04T10:25:48","slug":"presentacion-del-libro","status":"publish","type":"post","link":"https:\/\/wpd.ugr.es\/~battaner\/?p=10","title":{"rendered":"Presentaci\u00f3n del libro"},"content":{"rendered":"\n<p>El d\u00eda 13 de mayo del 22 tuvo lugar un acto en la Facultad de Ciencias de Granada presentado por su ilustr\u00edsima y querida decana, Mary Carmen Carri\u00f3n, sobre \u201cLa f\u00edsica del cielo: la g\u00e9nesis de la concepci\u00f3n del Universo\u201d. Como parte del acto tuvo lugar la presentaci\u00f3n de mi libro \u201cHistoria de la f\u00edsica del Universo: C\u00f3mo la astronom\u00eda se hizo f\u00edsica\u201d. En lugar de una presentaci\u00f3n de corte cl\u00e1sico, se recurri\u00f3 a un di\u00e1logo entre Antx\u00f3n Alberdi, director del Instituto de Astrof\u00edsica, y yo mismo. Tambi\u00e9n particip\u00f3 en el mismo Mary Carmen y el p\u00fablico presente. El acto fue un \u00e9xito porque fue divertido, din\u00e1mico, bastante improvisado, dirigiendo el di\u00e1logo Antx\u00f3n con simpat\u00eda y oficio hacia los aspectos m\u00e1s novedosos de esta historia de la f\u00edsica.<\/p>\n\n\n\n<div class=\"wp-container-2 wp-block-columns are-vertically-aligned-bottom\">\n<div class=\"wp-container-1 wp-block-column is-vertically-aligned-bottom\" style=\"flex-basis:50%\">\n<figure class=\"wp-block-image size-large is-resized\"><img loading=\"lazy\" src=\"http:\/\/wpd.ugr.es\/~battaner\/wp-content\/uploads\/2022\/09\/poster_def-724x1024.jpg\" alt=\"\" class=\"wp-image-12\" width=\"291\" height=\"412\" srcset=\"https:\/\/wpd.ugr.es\/~battaner\/wp-content\/uploads\/2022\/09\/poster_def-724x1024.jpg 724w, https:\/\/wpd.ugr.es\/~battaner\/wp-content\/uploads\/2022\/09\/poster_def-212x300.jpg 212w, https:\/\/wpd.ugr.es\/~battaner\/wp-content\/uploads\/2022\/09\/poster_def-768x1086.jpg 768w, https:\/\/wpd.ugr.es\/~battaner\/wp-content\/uploads\/2022\/09\/poster_def-1086x1536.jpg 1086w, https:\/\/wpd.ugr.es\/~battaner\/wp-content\/uploads\/2022\/09\/poster_def-1448x2048.jpg 1448w, https:\/\/wpd.ugr.es\/~battaner\/wp-content\/uploads\/2022\/09\/poster_def-1140x1612.jpg 1140w, https:\/\/wpd.ugr.es\/~battaner\/wp-content\/uploads\/2022\/09\/poster_def-scaled.jpg 1810w\" sizes=\"(max-width: 291px) 100vw, 291px\" \/><\/figure>\n<\/div>\n<\/div>\n","protected":false},"excerpt":{"rendered":"<p>El d\u00eda 13 de mayo del 22 tuvo lugar un acto en la Facultad de Ciencias de Granada presentado por su ilustr\u00edsima y querida decana, Mary Carmen Carri\u00f3n, sobre \u201cLa f\u00edsica del cielo: la g\u00e9nesis de la concepci\u00f3n del Universo\u201d. Como parte del acto tuvo lugar la presentaci\u00f3n de mi libro \u201cHistoria de la f\u00edsica del Universo: C\u00f3mo la astronom\u00eda se hizo f\u00edsica\u201d. En lugar de una presentaci\u00f3n de corte cl\u00e1sico, se recurri\u00f3 a un di\u00e1logo entre Antx\u00f3n Alberdi, director del Instituto de Astrof\u00edsica, y yo mismo. Tambi\u00e9n particip\u00f3 en el mismo Mary Carmen y el p\u00fablico presente. El acto fue un \u00e9xito porque fue divertido, din\u00e1mico, bastante improvisado, dirigiendo el di\u00e1logo Antx\u00f3n con simpat\u00eda y oficio hacia los aspectos m\u00e1s novedosos de esta historia de la f\u00edsica.<\/p>\n","protected":false},"author":1,"featured_media":12,"comment_status":"open","ping_status":"open","sticky":false,"template":"","format":"standard","meta":[],"categories":[7],"tags":[],"_links":{"self":[{"href":"https:\/\/wpd.ugr.es\/~battaner\/index.php?rest_route=\/wp\/v2\/posts\/10"}],"collection":[{"href":"https:\/\/wpd.ugr.es\/~battaner\/index.php?rest_route=\/wp\/v2\/posts"}],"about":[{"href":"https:\/\/wpd.ugr.es\/~battaner\/index.php?rest_route=\/wp\/v2\/types\/post"}],"author":[{"embeddable":true,"href":"https:\/\/wpd.ugr.es\/~battaner\/index.php?rest_route=\/wp\/v2\/users\/1"}],"replies":[{"embeddable":true,"href":"https:\/\/wpd.ugr.es\/~battaner\/index.php?rest_route=%2Fwp%2Fv2%2Fcomments&post=10"}],"version-history":[{"count":2,"href":"https:\/\/wpd.ugr.es\/~battaner\/index.php?rest_route=\/wp\/v2\/posts\/10\/revisions"}],"predecessor-version":[{"id":517,"href":"https:\/\/wpd.ugr.es\/~battaner\/index.php?rest_route=\/wp\/v2\/posts\/10\/revisions\/517"}],"wp:featuredmedia":[{"embeddable":true,"href":"https:\/\/wpd.ugr.es\/~battaner\/index.php?rest_route=\/wp\/v2\/media\/12"}],"wp:attachment":[{"href":"https:\/\/wpd.ugr.es\/~battaner\/index.php?rest_route=%2Fwp%2Fv2%2Fmedia&parent=10"}],"wp:term":[{"taxonomy":"category","embeddable":true,"href":"https:\/\/wpd.ugr.es\/~battaner\/index.php?rest_route=%2Fwp%2Fv2%2Fcategories&post=10"},{"taxonomy":"post_tag","embeddable":true,"href":"https:\/\/wpd.ugr.es\/~battaner\/index.php?rest_route=%2Fwp%2Fv2%2Ftags&post=10"}],"curies":[{"name":"wp","href":"https:\/\/api.w.org\/{rel}","templated":true}]}}