{"id":568,"date":"2023-02-05T19:18:45","date_gmt":"2023-02-05T19:18:45","guid":{"rendered":"https:\/\/wpd.ugr.es\/~battaner\/?p=568"},"modified":"2023-02-05T19:18:48","modified_gmt":"2023-02-05T19:18:48","slug":"la-existencia-de-la-vida-en-el-universo-es-el-mayor-problema-de-la-cosmologia","status":"publish","type":"post","link":"https:\/\/wpd.ugr.es\/~battaner\/?p=568","title":{"rendered":"La existencia de la vida en el Universo es el mayor problema de la cosmolog\u00eda"},"content":{"rendered":"<div class=\"wp-block-image\">\n<figure class=\"aligncenter size-full is-resized\"><img loading=\"lazy\" src=\"https:\/\/wpd.ugr.es\/~battaner\/wp-content\/uploads\/2023\/02\/Sin-ti\u0301tulo-1.png\" alt=\"\" class=\"wp-image-569\" width=\"403\" height=\"374\" srcset=\"https:\/\/wpd.ugr.es\/~battaner\/wp-content\/uploads\/2023\/02\/Sin-ti\u0301tulo-1.png 886w, https:\/\/wpd.ugr.es\/~battaner\/wp-content\/uploads\/2023\/02\/Sin-ti\u0301tulo-1-300x279.png 300w, https:\/\/wpd.ugr.es\/~battaner\/wp-content\/uploads\/2023\/02\/Sin-ti\u0301tulo-1-768x713.png 768w\" sizes=\"(max-width: 403px) 100vw, 403px\" \/><\/figure><\/div>\n\n\n<p>\u201c\u00bfQu\u00e9 es la vida?\u201d, se pregunt\u00f3 Edwin Schr\u00f6dinger, en uno de los libros m\u00e1s citados de la historia y, sin embargo, peor comprendidos. \u00bfHacen falta nuevas leyes termodin\u00e1micas universales para entender el fen\u00f3meno vital? Schr\u00f6dinger pensaba que s\u00ed. En la lista de art\u00edculos de esta p\u00e1gina (ADS) se encuentra <a href=\"http:\/\/www.astroscu.unam.mx\/rmaa\/RMxAA..58-2\/PDF\/RMxAA..58-2_fsanchez-XVI.pdf\" target=\"_blank\" rel=\"noreferrer noopener\">\u201cAn astrophysical perspective of life. The growth of complexity\u201d<\/a> por Francisco S\u00e1nchez y yo mismo. Nuevas ideas para un viejo problema.<\/p>\n","protected":false},"excerpt":{"rendered":"<p>\u201c\u00bfQu\u00e9 es la vida?\u201d, se pregunt\u00f3 Edwin Schr\u00f6dinger, en uno de los libros m\u00e1s citados de la historia y, sin embargo, peor comprendidos. \u00bfHacen falta nuevas leyes termodin\u00e1micas universales para entender el fen\u00f3meno vital? Schr\u00f6dinger pensaba que s\u00ed. En la lista de art\u00edculos de esta p\u00e1gina (ADS) se encuentra \u201cAn astrophysical perspective of life. The growth of complexity\u201d por Francisco S\u00e1nchez y yo mismo. Nuevas ideas para un viejo problema.<\/p>\n","protected":false},"author":1,"featured_media":569,"comment_status":"open","ping_status":"open","sticky":false,"template":"","format":"standard","meta":[],"categories":[9],"tags":[],"_links":{"self":[{"href":"https:\/\/wpd.ugr.es\/~battaner\/index.php?rest_route=\/wp\/v2\/posts\/568"}],"collection":[{"href":"https:\/\/wpd.ugr.es\/~battaner\/index.php?rest_route=\/wp\/v2\/posts"}],"about":[{"href":"https:\/\/wpd.ugr.es\/~battaner\/index.php?rest_route=\/wp\/v2\/types\/post"}],"author":[{"embeddable":true,"href":"https:\/\/wpd.ugr.es\/~battaner\/index.php?rest_route=\/wp\/v2\/users\/1"}],"replies":[{"embeddable":true,"href":"https:\/\/wpd.ugr.es\/~battaner\/index.php?rest_route=%2Fwp%2Fv2%2Fcomments&post=568"}],"version-history":[{"count":3,"href":"https:\/\/wpd.ugr.es\/~battaner\/index.php?rest_route=\/wp\/v2\/posts\/568\/revisions"}],"predecessor-version":[{"id":572,"href":"https:\/\/wpd.ugr.es\/~battaner\/index.php?rest_route=\/wp\/v2\/posts\/568\/revisions\/572"}],"wp:featuredmedia":[{"embeddable":true,"href":"https:\/\/wpd.ugr.es\/~battaner\/index.php?rest_route=\/wp\/v2\/media\/569"}],"wp:attachment":[{"href":"https:\/\/wpd.ugr.es\/~battaner\/index.php?rest_route=%2Fwp%2Fv2%2Fmedia&parent=568"}],"wp:term":[{"taxonomy":"category","embeddable":true,"href":"https:\/\/wpd.ugr.es\/~battaner\/index.php?rest_route=%2Fwp%2Fv2%2Fcategories&post=568"},{"taxonomy":"post_tag","embeddable":true,"href":"https:\/\/wpd.ugr.es\/~battaner\/index.php?rest_route=%2Fwp%2Fv2%2Ftags&post=568"}],"curies":[{"name":"wp","href":"https:\/\/api.w.org\/{rel}","templated":true}]}}