{"id":573,"date":"2023-02-18T18:37:57","date_gmt":"2023-02-18T18:37:57","guid":{"rendered":"https:\/\/wpd.ugr.es\/~battaner\/?p=573"},"modified":"2023-02-18T18:37:59","modified_gmt":"2023-02-18T18:37:59","slug":"territorio-gravedad","status":"publish","type":"post","link":"https:\/\/wpd.ugr.es\/~battaner\/?p=573","title":{"rendered":"Territorio Gravedad"},"content":{"rendered":"\n<figure class=\"wp-block-image size-large\"><img loading=\"lazy\" width=\"1024\" height=\"534\" src=\"https:\/\/wpd.ugr.es\/~battaner\/wp-content\/uploads\/2023\/02\/Captura-de-pantalla-2023-02-18-a-las-13.05.49-1024x534.png\" alt=\"\" class=\"wp-image-574\" srcset=\"https:\/\/wpd.ugr.es\/~battaner\/wp-content\/uploads\/2023\/02\/Captura-de-pantalla-2023-02-18-a-las-13.05.49-1024x534.png 1024w, https:\/\/wpd.ugr.es\/~battaner\/wp-content\/uploads\/2023\/02\/Captura-de-pantalla-2023-02-18-a-las-13.05.49-300x156.png 300w, https:\/\/wpd.ugr.es\/~battaner\/wp-content\/uploads\/2023\/02\/Captura-de-pantalla-2023-02-18-a-las-13.05.49-768x400.png 768w, https:\/\/wpd.ugr.es\/~battaner\/wp-content\/uploads\/2023\/02\/Captura-de-pantalla-2023-02-18-a-las-13.05.49-1140x594.png 1140w, https:\/\/wpd.ugr.es\/~battaner\/wp-content\/uploads\/2023\/02\/Captura-de-pantalla-2023-02-18-a-las-13.05.49.png 1182w\" sizes=\"(max-width: 1024px) 100vw, 1024px\" \/><\/figure>\n\n\n\n<p>\u00a1TERRITORIO GRAVEDAD! Los d\u00edas 23, 24, 25 y 26 de febrero,  La 2 de RTVE emitir\u00e1 a las 19h los primeros cuatro cap\u00edtulos de los 13 que tendr\u00e1 la miniserie TERRITORIO GRAVEDAD, el programa divulgativo sobre relatividad y astrof\u00edsica m\u00e1s interesante y ambicioso en lengua espa\u00f1ola. Est\u00e1 dirigida y realizada por Nacho Chueca y la direcci\u00f3n cient\u00edfica corre a cargo de Carlos Barcel\u00f3, del Instituto de Astrof\u00edsica de Andaluc\u00eda. He tenido la suerte de participar en este gran proyecto.<\/p>\n","protected":false},"excerpt":{"rendered":"<p>\u00a1TERRITORIO GRAVEDAD! Los d\u00edas 23, 24, 25 y 26 de febrero, La 2 de RTVE emitir\u00e1 a las 19h los primeros cuatro cap\u00edtulos de los 13 que tendr\u00e1 la miniserie TERRITORIO GRAVEDAD, el programa divulgativo sobre relatividad y astrof\u00edsica m\u00e1s interesante y ambicioso en lengua espa\u00f1ola. Est\u00e1 dirigida y realizada por Nacho Chueca y la direcci\u00f3n cient\u00edfica corre a cargo de Carlos Barcel\u00f3, del Instituto de Astrof\u00edsica de Andaluc\u00eda. He tenido la suerte de participar en este gran proyecto.<\/p>\n","protected":false},"author":1,"featured_media":574,"comment_status":"open","ping_status":"open","sticky":false,"template":"","format":"standard","meta":[],"categories":[9,8],"tags":[],"_links":{"self":[{"href":"https:\/\/wpd.ugr.es\/~battaner\/index.php?rest_route=\/wp\/v2\/posts\/573"}],"collection":[{"href":"https:\/\/wpd.ugr.es\/~battaner\/index.php?rest_route=\/wp\/v2\/posts"}],"about":[{"href":"https:\/\/wpd.ugr.es\/~battaner\/index.php?rest_route=\/wp\/v2\/types\/post"}],"author":[{"embeddable":true,"href":"https:\/\/wpd.ugr.es\/~battaner\/index.php?rest_route=\/wp\/v2\/users\/1"}],"replies":[{"embeddable":true,"href":"https:\/\/wpd.ugr.es\/~battaner\/index.php?rest_route=%2Fwp%2Fv2%2Fcomments&post=573"}],"version-history":[{"count":2,"href":"https:\/\/wpd.ugr.es\/~battaner\/index.php?rest_route=\/wp\/v2\/posts\/573\/revisions"}],"predecessor-version":[{"id":576,"href":"https:\/\/wpd.ugr.es\/~battaner\/index.php?rest_route=\/wp\/v2\/posts\/573\/revisions\/576"}],"wp:featuredmedia":[{"embeddable":true,"href":"https:\/\/wpd.ugr.es\/~battaner\/index.php?rest_route=\/wp\/v2\/media\/574"}],"wp:attachment":[{"href":"https:\/\/wpd.ugr.es\/~battaner\/index.php?rest_route=%2Fwp%2Fv2%2Fmedia&parent=573"}],"wp:term":[{"taxonomy":"category","embeddable":true,"href":"https:\/\/wpd.ugr.es\/~battaner\/index.php?rest_route=%2Fwp%2Fv2%2Fcategories&post=573"},{"taxonomy":"post_tag","embeddable":true,"href":"https:\/\/wpd.ugr.es\/~battaner\/index.php?rest_route=%2Fwp%2Fv2%2Ftags&post=573"}],"curies":[{"name":"wp","href":"https:\/\/api.w.org\/{rel}","templated":true}]}}