{"id":577,"date":"2023-02-24T20:32:31","date_gmt":"2023-02-24T20:32:31","guid":{"rendered":"https:\/\/wpd.ugr.es\/~battaner\/?p=577"},"modified":"2023-02-24T20:32:34","modified_gmt":"2023-02-24T20:32:34","slug":"alfonso-x-se-merece-el-10","status":"publish","type":"post","link":"https:\/\/wpd.ugr.es\/~battaner\/?p=577","title":{"rendered":"Alfonso X se merece el 10"},"content":{"rendered":"\n<figure class=\"wp-block-image size-large\"><img loading=\"lazy\" width=\"880\" height=\"1024\" src=\"http:\/\/wpd.ugr.es\/~battaner\/wp-content\/uploads\/2023\/02\/Captura-de-pantalla-2023-02-24-a-las-21.23.21-880x1024.png\" alt=\"\" class=\"wp-image-578\" srcset=\"https:\/\/wpd.ugr.es\/~battaner\/wp-content\/uploads\/2023\/02\/Captura-de-pantalla-2023-02-24-a-las-21.23.21-880x1024.png 880w, https:\/\/wpd.ugr.es\/~battaner\/wp-content\/uploads\/2023\/02\/Captura-de-pantalla-2023-02-24-a-las-21.23.21-258x300.png 258w, https:\/\/wpd.ugr.es\/~battaner\/wp-content\/uploads\/2023\/02\/Captura-de-pantalla-2023-02-24-a-las-21.23.21-768x894.png 768w, https:\/\/wpd.ugr.es\/~battaner\/wp-content\/uploads\/2023\/02\/Captura-de-pantalla-2023-02-24-a-las-21.23.21.png 990w\" sizes=\"(max-width: 880px) 100vw, 880px\" \/><\/figure>\n\n\n\n<p>S\u00f3lo 100 p\u00e1ginas de lectura amena para recordar a este gran monarca.<\/p>\n\n\n\n<p>Libro digital, <a href=\"https:\/\/digibug.ugr.es\/bitstream\/handle\/10481\/80217\/Libroacabado.pdf?sequence=1&amp;isAllowed=y\">\u00abAlfonso X y su \u00e9poca: Ciencia , Literatura e Historia\u00bb.<\/a><\/p>\n\n\n\n<p>Presentado por Francisco Gonz\u00e1lez Lodeiro, Presidente de la Academia de<br>Ciencias Matem\u00e1ticas, F\u00edsico-Qu\u00edmicas y Naturales de Granada, con<br>cap\u00edtulos sobre astronom\u00eda (yo mismo), cantigas (Juan Paredes) e historia<br>(Manuel Espinar).<\/p>\n","protected":false},"excerpt":{"rendered":"<p>S\u00f3lo 100 p\u00e1ginas de lectura amena para recordar a este gran monarca. Libro digital, \u00abAlfonso X y su \u00e9poca: Ciencia , Literatura e Historia\u00bb. Presentado por Francisco Gonz\u00e1lez Lodeiro, Presidente de la Academia deCiencias Matem\u00e1ticas, F\u00edsico-Qu\u00edmicas y Naturales de Granada, concap\u00edtulos sobre astronom\u00eda (yo mismo), cantigas (Juan Paredes) e historia(Manuel Espinar).<\/p>\n","protected":false},"author":1,"featured_media":578,"comment_status":"open","ping_status":"open","sticky":false,"template":"","format":"standard","meta":[],"categories":[6],"tags":[],"_links":{"self":[{"href":"https:\/\/wpd.ugr.es\/~battaner\/index.php?rest_route=\/wp\/v2\/posts\/577"}],"collection":[{"href":"https:\/\/wpd.ugr.es\/~battaner\/index.php?rest_route=\/wp\/v2\/posts"}],"about":[{"href":"https:\/\/wpd.ugr.es\/~battaner\/index.php?rest_route=\/wp\/v2\/types\/post"}],"author":[{"embeddable":true,"href":"https:\/\/wpd.ugr.es\/~battaner\/index.php?rest_route=\/wp\/v2\/users\/1"}],"replies":[{"embeddable":true,"href":"https:\/\/wpd.ugr.es\/~battaner\/index.php?rest_route=%2Fwp%2Fv2%2Fcomments&post=577"}],"version-history":[{"count":2,"href":"https:\/\/wpd.ugr.es\/~battaner\/index.php?rest_route=\/wp\/v2\/posts\/577\/revisions"}],"predecessor-version":[{"id":580,"href":"https:\/\/wpd.ugr.es\/~battaner\/index.php?rest_route=\/wp\/v2\/posts\/577\/revisions\/580"}],"wp:featuredmedia":[{"embeddable":true,"href":"https:\/\/wpd.ugr.es\/~battaner\/index.php?rest_route=\/wp\/v2\/media\/578"}],"wp:attachment":[{"href":"https:\/\/wpd.ugr.es\/~battaner\/index.php?rest_route=%2Fwp%2Fv2%2Fmedia&parent=577"}],"wp:term":[{"taxonomy":"category","embeddable":true,"href":"https:\/\/wpd.ugr.es\/~battaner\/index.php?rest_route=%2Fwp%2Fv2%2Fcategories&post=577"},{"taxonomy":"post_tag","embeddable":true,"href":"https:\/\/wpd.ugr.es\/~battaner\/index.php?rest_route=%2Fwp%2Fv2%2Ftags&post=577"}],"curies":[{"name":"wp","href":"https:\/\/api.w.org\/{rel}","templated":true}]}}