{"id":603,"date":"2023-05-13T17:44:40","date_gmt":"2023-05-13T17:44:40","guid":{"rendered":"https:\/\/wpd.ugr.es\/~battaner\/?p=603"},"modified":"2023-05-13T17:44:43","modified_gmt":"2023-05-13T17:44:43","slug":"cosmologia-y-musica","status":"publish","type":"post","link":"https:\/\/wpd.ugr.es\/~battaner\/?p=603","title":{"rendered":"Cosmolog\u00eda y m\u00fasica"},"content":{"rendered":"\n<figure class=\"wp-block-image size-full\"><img loading=\"lazy\" width=\"886\" height=\"665\" src=\"https:\/\/wpd.ugr.es\/~battaner\/wp-content\/uploads\/2023\/05\/Sin-ti\u0301tulo-1.png\" alt=\"\" class=\"wp-image-604\" srcset=\"https:\/\/wpd.ugr.es\/~battaner\/wp-content\/uploads\/2023\/05\/Sin-ti\u0301tulo-1.png 886w, https:\/\/wpd.ugr.es\/~battaner\/wp-content\/uploads\/2023\/05\/Sin-ti\u0301tulo-1-300x225.png 300w, https:\/\/wpd.ugr.es\/~battaner\/wp-content\/uploads\/2023\/05\/Sin-ti\u0301tulo-1-768x576.png 768w\" sizes=\"(max-width: 886px) 100vw, 886px\" \/><\/figure>\n\n\n\n<p>A primera vista, cosmolog\u00eda y m\u00fasica son dos conceptos con muy poca relaci\u00f3n. No parece que exista una \u201cm\u00fasica celestial\u201d, incluso esta expresi\u00f3n tiene una connotaci\u00f3n despectiva.<\/p>\n\n\n\n<p>Sin embargo, la cosmolog\u00eda primitiva, desde la griega cl\u00e1sica hasta quiz\u00e1 el siglo XVII, ha sido esencialmente musical. La tradici\u00f3n Pitag\u00f3rica-Plat\u00f3nica perdur\u00f3 a trav\u00e9s de los romanos, \u00e1rabes y fil\u00f3sofos cristianos hasta llegar a la Revoluci\u00f3n Copernicana. Tras ella renaci\u00f3 con Kepler, a la vez visionario y preciso, pero el escepticismo se adue\u00f1\u00f3 finalmente de la concepci\u00f3n musical del Universo.<\/p>\n\n\n\n<p>Boecio clasific\u00f3 la m\u00fasica en tres tipos: <em>m\u00fasica instrumentalis, m\u00fasica humana (microcosmos) y m\u00fasica mundana (macroscosmos<\/em>, m\u00fasica del Mundo). Y a\u00f1adi\u00f3 un cuarto tipo:&nbsp; <em>m\u00fasica coelestis, <\/em>s\u00f3lo perceptible por Dios, los \u00e1ngeles y los bienaventurados.<\/p>\n\n\n\n<p>\u00bfQui\u00e9n puede olvidar la oda de Fray Luis de Le\u00f3n al m\u00fasico burgal\u00e9s ciego Francisco Salinas? Recordemos un par de liras de tal sublime obra (la bastardilla es m\u00eda):<\/p>\n\n\n\n<p>Traspasa el aire todo\/ hasta llegar a la m\u00e1s <em>alta esfera,<\/em>\/ y oye all\u00ed otro modo\/ de <em>no perecedera<\/em>\/ <em>m\u00fasica, <\/em>que es de todas <em>la primera.<\/em><\/p>\n\n\n\n<p><em>Ve c\u00f3mo el gran maestro,\/ a aquesta inmensa c\u00edtara <\/em>aplicado,\/ con movimiento diestro\/ produce <em>el son sagrado,<\/em>\/ con que este <em>eterno templo es sustentado.<\/em><\/p>\n\n\n\n<p> La \u201cm\u00fasica de las esferas\u201d hab\u00eda calado en los sabios\u2026 hasta que dejaron de estar los cielos llenos de esferas. Lo de Fray Luis de Le\u00f3n y lo de Kepler, era <em>m\u00fasica coelestis.<\/em><\/p>\n\n\n\n<p>Sin embargo, el espectro de anisotrop\u00edas angulares del CMB (<em>Cosmic Microwave Background<\/em>) puede interpretarse como <em>m\u00fasica mundana<\/em>. (V\u00e9ase, por ejemplo, mi discurso para la entrada en la Academia de Ciencias de Granada, en esta p\u00e1gina).<\/p>\n\n\n\n<p>En relaci\u00f3n a estos temas, participar\u00e9 en la reuni\u00f3n \u201cHarmony and Rhythm of the Microcosm and the Macrocosm in Early Modern Times and Today\u201d (junio 2023), organizada por la Universidad de M\u00fcnster, donde tratar\u00e9 de este tema en el Siglo de Oro espa\u00f1ol. Los interesados no pueden perderse el gran trabajo del profesor J. Luque, \u201cLa M\u00fasica del Mundo\u201d que ser\u00e1 publicado por la editorial de la Universidad de Granada.<\/p>\n","protected":false},"excerpt":{"rendered":"<p>A primera vista, cosmolog\u00eda y m\u00fasica son dos conceptos con muy poca relaci\u00f3n. No parece que exista una \u201cm\u00fasica celestial\u201d, incluso esta expresi\u00f3n tiene una connotaci\u00f3n despectiva. Sin embargo, la cosmolog\u00eda primitiva, desde la griega cl\u00e1sica hasta quiz\u00e1 el siglo XVII, ha sido esencialmente musical. La tradici\u00f3n Pitag\u00f3rica-Plat\u00f3nica perdur\u00f3 a trav\u00e9s de los romanos, \u00e1rabes y fil\u00f3sofos cristianos hasta llegar a la Revoluci\u00f3n Copernicana. Tras ella renaci\u00f3 con Kepler, a la vez visionario y preciso, pero el escepticismo se adue\u00f1\u00f3 finalmente de la concepci\u00f3n musical del Universo. Boecio clasific\u00f3 la m\u00fasica en tres tipos: m\u00fasica instrumentalis, m\u00fasica humana (microcosmos) y m\u00fasica mundana (macroscosmos, m\u00fasica del Mundo). Y a\u00f1adi\u00f3 un cuarto tipo:&nbsp; m\u00fasica coelestis, s\u00f3lo perceptible por Dios, los \u00e1ngeles y los bienaventurados. \u00bfQui\u00e9n puede olvidar la oda de Fray Luis de Le\u00f3n al m\u00fasico burgal\u00e9s ciego Francisco Salinas? Recordemos un par de liras de tal sublime obra (la bastardilla es m\u00eda): Traspasa el aire todo\/ hasta llegar a la m\u00e1s alta esfera,\/ y oye all\u00ed otro modo\/ de no perecedera\/ m\u00fasica, que es de todas la primera. Ve c\u00f3mo el gran maestro,\/ a aquesta inmensa c\u00edtara aplicado,\/ con movimiento diestro\/ produce el son sagrado,\/ con que este eterno templo es sustentado. La \u201cm\u00fasica de las esferas\u201d hab\u00eda calado en los sabios\u2026 hasta que dejaron de estar los cielos llenos de esferas. Lo de Fray Luis de Le\u00f3n y lo de Kepler, era m\u00fasica coelestis. Sin embargo, el espectro de anisotrop\u00edas angulares del CMB (Cosmic Microwave Background) puede interpretarse como m\u00fasica mundana. (V\u00e9ase, por ejemplo, mi discurso para la entrada en la Academia de Ciencias de Granada, en esta p\u00e1gina). En relaci\u00f3n a estos temas, participar\u00e9 en la reuni\u00f3n \u201cHarmony and Rhythm of the Microcosm and the Macrocosm in Early Modern Times and Today\u201d (junio 2023), organizada por la Universidad de M\u00fcnster, donde tratar\u00e9 de este tema en el Siglo de Oro espa\u00f1ol. Los interesados no pueden perderse el gran trabajo del profesor J. Luque, \u201cLa M\u00fasica del Mundo\u201d que ser\u00e1 publicado por la editorial de la Universidad de Granada.<\/p>\n","protected":false},"author":1,"featured_media":604,"comment_status":"open","ping_status":"open","sticky":false,"template":"","format":"standard","meta":[],"categories":[6],"tags":[],"_links":{"self":[{"href":"https:\/\/wpd.ugr.es\/~battaner\/index.php?rest_route=\/wp\/v2\/posts\/603"}],"collection":[{"href":"https:\/\/wpd.ugr.es\/~battaner\/index.php?rest_route=\/wp\/v2\/posts"}],"about":[{"href":"https:\/\/wpd.ugr.es\/~battaner\/index.php?rest_route=\/wp\/v2\/types\/post"}],"author":[{"embeddable":true,"href":"https:\/\/wpd.ugr.es\/~battaner\/index.php?rest_route=\/wp\/v2\/users\/1"}],"replies":[{"embeddable":true,"href":"https:\/\/wpd.ugr.es\/~battaner\/index.php?rest_route=%2Fwp%2Fv2%2Fcomments&post=603"}],"version-history":[{"count":1,"href":"https:\/\/wpd.ugr.es\/~battaner\/index.php?rest_route=\/wp\/v2\/posts\/603\/revisions"}],"predecessor-version":[{"id":605,"href":"https:\/\/wpd.ugr.es\/~battaner\/index.php?rest_route=\/wp\/v2\/posts\/603\/revisions\/605"}],"wp:featuredmedia":[{"embeddable":true,"href":"https:\/\/wpd.ugr.es\/~battaner\/index.php?rest_route=\/wp\/v2\/media\/604"}],"wp:attachment":[{"href":"https:\/\/wpd.ugr.es\/~battaner\/index.php?rest_route=%2Fwp%2Fv2%2Fmedia&parent=603"}],"wp:term":[{"taxonomy":"category","embeddable":true,"href":"https:\/\/wpd.ugr.es\/~battaner\/index.php?rest_route=%2Fwp%2Fv2%2Fcategories&post=603"},{"taxonomy":"post_tag","embeddable":true,"href":"https:\/\/wpd.ugr.es\/~battaner\/index.php?rest_route=%2Fwp%2Fv2%2Ftags&post=603"}],"curies":[{"name":"wp","href":"https:\/\/api.w.org\/{rel}","templated":true}]}}