{"id":611,"date":"2023-06-10T15:32:07","date_gmt":"2023-06-10T15:32:07","guid":{"rendered":"https:\/\/wpd.ugr.es\/~battaner\/?p=611"},"modified":"2023-06-10T15:32:10","modified_gmt":"2023-06-10T15:32:10","slug":"nuevo-libro-el-espia-filosofico-un-cientifico-en-la-epoca-de-carlos-iii","status":"publish","type":"post","link":"https:\/\/wpd.ugr.es\/~battaner\/?p=611","title":{"rendered":"\u00a1Nuevo libro! El esp\u00eda filos\u00f3fico: Un cient\u00edfico en la \u00e9poca de Carlos III"},"content":{"rendered":"\n<figure class=\"wp-block-image size-full\"><img loading=\"lazy\" width=\"600\" height=\"835\" src=\"http:\/\/wpd.ugr.es\/~battaner\/wp-content\/uploads\/2023\/06\/El-espia-filosofico.jpeg\" alt=\"\" class=\"wp-image-606\" srcset=\"https:\/\/wpd.ugr.es\/~battaner\/wp-content\/uploads\/2023\/06\/El-espia-filosofico.jpeg 600w, https:\/\/wpd.ugr.es\/~battaner\/wp-content\/uploads\/2023\/06\/El-espia-filosofico-216x300.jpeg 216w\" sizes=\"(max-width: 600px) 100vw, 600px\" \/><\/figure>\n\n\n\n<p>Carlos III encomienda al protagonista de este libro una misi\u00f3n apasionante: acudir a Par\u00eds y a varias ciudades europeas con el objetivo de espiar no la ciencia que se hace en el Siglo de la Ilustraci\u00f3n, sino la que deber\u00eda hacerse, es decir, averiguar las ideas de la ciencia futura cuando a\u00fan est\u00e1n en fase filos\u00f3fica, a\u00fan en simiente, para que germinen en Espa\u00f1a. Le acompa\u00f1ar\u00e1 en muchos de estos viajes su novia, brillante astr\u00f3noma. Se entrevistar\u00e1n con los sabios m\u00e1s reconocidos en la f\u00edsica del Siglo de las Luces: D\u2019Alembert, Voltaire, Lagrange, Laplace, los Herschel, etc.\u00a0<em>El esp\u00eda filos\u00f3fico. Un cient\u00edfico en la \u00e9poca de Carlos III<\/em>\u00a0es un retrato de la ciencia en Europa en un siglo de trascendencia decisiva para su posterior evoluci\u00f3n. Espa\u00f1a, con firme voluntad de incorporarse a tal movimiento, terminar\u00e1 su sue\u00f1o dram\u00e1ticamente. La novela tiene prop\u00f3sitos literarios, fundamentalmente, aunque la ciencia es tambi\u00e9n protagonista.<\/p>\n\n\n\n<p>Ver en el apartado<a href=\"https:\/\/wpd.ugr.es\/~battaner\/?page_id=26\" target=\"_blank\" rel=\"noreferrer noopener\"> libros<\/a> de esta p\u00e1gina web.<\/p>\n","protected":false},"excerpt":{"rendered":"<p>Carlos III encomienda al protagonista de este libro una misi\u00f3n apasionante: acudir a Par\u00eds y a varias ciudades europeas con el objetivo de espiar no la ciencia que se hace en el Siglo de la Ilustraci\u00f3n, sino la que deber\u00eda hacerse, es decir, averiguar las ideas de la ciencia futura cuando a\u00fan est\u00e1n en fase filos\u00f3fica, a\u00fan en simiente, para que germinen en Espa\u00f1a. Le acompa\u00f1ar\u00e1 en muchos de estos viajes su novia, brillante astr\u00f3noma. Se entrevistar\u00e1n con los sabios m\u00e1s reconocidos en la f\u00edsica del Siglo de las Luces: D\u2019Alembert, Voltaire, Lagrange, Laplace, los Herschel, etc.\u00a0El esp\u00eda filos\u00f3fico. Un cient\u00edfico en la \u00e9poca de Carlos III\u00a0es un retrato de la ciencia en Europa en un siglo de trascendencia decisiva para su posterior evoluci\u00f3n. Espa\u00f1a, con firme voluntad de incorporarse a tal movimiento, terminar\u00e1 su sue\u00f1o dram\u00e1ticamente. La novela tiene prop\u00f3sitos literarios, fundamentalmente, aunque la ciencia es tambi\u00e9n protagonista. Ver en el apartado libros de esta p\u00e1gina web.<\/p>\n","protected":false},"author":1,"featured_media":606,"comment_status":"open","ping_status":"open","sticky":false,"template":"","format":"standard","meta":[],"categories":[7],"tags":[],"_links":{"self":[{"href":"https:\/\/wpd.ugr.es\/~battaner\/index.php?rest_route=\/wp\/v2\/posts\/611"}],"collection":[{"href":"https:\/\/wpd.ugr.es\/~battaner\/index.php?rest_route=\/wp\/v2\/posts"}],"about":[{"href":"https:\/\/wpd.ugr.es\/~battaner\/index.php?rest_route=\/wp\/v2\/types\/post"}],"author":[{"embeddable":true,"href":"https:\/\/wpd.ugr.es\/~battaner\/index.php?rest_route=\/wp\/v2\/users\/1"}],"replies":[{"embeddable":true,"href":"https:\/\/wpd.ugr.es\/~battaner\/index.php?rest_route=%2Fwp%2Fv2%2Fcomments&post=611"}],"version-history":[{"count":1,"href":"https:\/\/wpd.ugr.es\/~battaner\/index.php?rest_route=\/wp\/v2\/posts\/611\/revisions"}],"predecessor-version":[{"id":612,"href":"https:\/\/wpd.ugr.es\/~battaner\/index.php?rest_route=\/wp\/v2\/posts\/611\/revisions\/612"}],"wp:featuredmedia":[{"embeddable":true,"href":"https:\/\/wpd.ugr.es\/~battaner\/index.php?rest_route=\/wp\/v2\/media\/606"}],"wp:attachment":[{"href":"https:\/\/wpd.ugr.es\/~battaner\/index.php?rest_route=%2Fwp%2Fv2%2Fmedia&parent=611"}],"wp:term":[{"taxonomy":"category","embeddable":true,"href":"https:\/\/wpd.ugr.es\/~battaner\/index.php?rest_route=%2Fwp%2Fv2%2Fcategories&post=611"},{"taxonomy":"post_tag","embeddable":true,"href":"https:\/\/wpd.ugr.es\/~battaner\/index.php?rest_route=%2Fwp%2Fv2%2Ftags&post=611"}],"curies":[{"name":"wp","href":"https:\/\/api.w.org\/{rel}","templated":true}]}}