{"id":705,"date":"2024-01-04T20:36:12","date_gmt":"2024-01-04T20:36:12","guid":{"rendered":"https:\/\/wpd.ugr.es\/~battaner\/?p=705"},"modified":"2024-01-04T20:36:14","modified_gmt":"2024-01-04T20:36:14","slug":"relatividad-en-una-semana","status":"publish","type":"post","link":"https:\/\/wpd.ugr.es\/~battaner\/?p=705","title":{"rendered":"Relatividad en una semana"},"content":{"rendered":"\n<figure class=\"wp-block-image size-large\"><img loading=\"lazy\" width=\"1024\" height=\"744\" src=\"http:\/\/wpd.ugr.es\/~battaner\/wp-content\/uploads\/2024\/01\/IMG_20240104_204057-1024x744.jpg\" alt=\"\" class=\"wp-image-706\" srcset=\"https:\/\/wpd.ugr.es\/~battaner\/wp-content\/uploads\/2024\/01\/IMG_20240104_204057-1024x744.jpg 1024w, https:\/\/wpd.ugr.es\/~battaner\/wp-content\/uploads\/2024\/01\/IMG_20240104_204057-300x218.jpg 300w, https:\/\/wpd.ugr.es\/~battaner\/wp-content\/uploads\/2024\/01\/IMG_20240104_204057-768x558.jpg 768w, https:\/\/wpd.ugr.es\/~battaner\/wp-content\/uploads\/2024\/01\/IMG_20240104_204057-1536x1117.jpg 1536w, https:\/\/wpd.ugr.es\/~battaner\/wp-content\/uploads\/2024\/01\/IMG_20240104_204057-2048x1489.jpg 2048w, https:\/\/wpd.ugr.es\/~battaner\/wp-content\/uploads\/2024\/01\/IMG_20240104_204057-1140x829.jpg 1140w\" sizes=\"(max-width: 1024px) 100vw, 1024px\" \/><\/figure>\n\n\n\n<p>Una introducci\u00f3n a la Relatividad partiendo de cero, incluyendo la Relatividad Restringida y la Relatividad General, en un <a href=\"https:\/\/www.ugr.es\/~battaner\/escritos\/relatividad.pdf\" target=\"_blank\" rel=\"noreferrer noopener\">librito de s\u00f3lo 40 p\u00e1ginas<\/a>. Para estudiantes de f\u00edsica, astrof\u00edsica o de ciencias en general. La figura est\u00e1 tomada del libro \u00abF\u00edsica de las noches estrelladas\u00bb.<\/p>\n","protected":false},"excerpt":{"rendered":"<p>Una introducci\u00f3n a la Relatividad partiendo de cero, incluyendo la Relatividad Restringida y la Relatividad General, en un librito de s\u00f3lo 40 p\u00e1ginas. Para estudiantes de f\u00edsica, astrof\u00edsica o de ciencias en general. La figura est\u00e1 tomada del libro \u00abF\u00edsica de las noches estrelladas\u00bb.<\/p>\n","protected":false},"author":1,"featured_media":706,"comment_status":"open","ping_status":"open","sticky":false,"template":"","format":"standard","meta":[],"categories":[8],"tags":[],"_links":{"self":[{"href":"https:\/\/wpd.ugr.es\/~battaner\/index.php?rest_route=\/wp\/v2\/posts\/705"}],"collection":[{"href":"https:\/\/wpd.ugr.es\/~battaner\/index.php?rest_route=\/wp\/v2\/posts"}],"about":[{"href":"https:\/\/wpd.ugr.es\/~battaner\/index.php?rest_route=\/wp\/v2\/types\/post"}],"author":[{"embeddable":true,"href":"https:\/\/wpd.ugr.es\/~battaner\/index.php?rest_route=\/wp\/v2\/users\/1"}],"replies":[{"embeddable":true,"href":"https:\/\/wpd.ugr.es\/~battaner\/index.php?rest_route=%2Fwp%2Fv2%2Fcomments&post=705"}],"version-history":[{"count":1,"href":"https:\/\/wpd.ugr.es\/~battaner\/index.php?rest_route=\/wp\/v2\/posts\/705\/revisions"}],"predecessor-version":[{"id":707,"href":"https:\/\/wpd.ugr.es\/~battaner\/index.php?rest_route=\/wp\/v2\/posts\/705\/revisions\/707"}],"wp:featuredmedia":[{"embeddable":true,"href":"https:\/\/wpd.ugr.es\/~battaner\/index.php?rest_route=\/wp\/v2\/media\/706"}],"wp:attachment":[{"href":"https:\/\/wpd.ugr.es\/~battaner\/index.php?rest_route=%2Fwp%2Fv2%2Fmedia&parent=705"}],"wp:term":[{"taxonomy":"category","embeddable":true,"href":"https:\/\/wpd.ugr.es\/~battaner\/index.php?rest_route=%2Fwp%2Fv2%2Fcategories&post=705"},{"taxonomy":"post_tag","embeddable":true,"href":"https:\/\/wpd.ugr.es\/~battaner\/index.php?rest_route=%2Fwp%2Fv2%2Ftags&post=705"}],"curies":[{"name":"wp","href":"https:\/\/api.w.org\/{rel}","templated":true}]}}