{"id":736,"date":"2024-05-01T13:34:51","date_gmt":"2024-05-01T13:34:51","guid":{"rendered":"https:\/\/wpd.ugr.es\/~battaner\/?p=736"},"modified":"2024-05-01T13:44:07","modified_gmt":"2024-05-01T13:44:07","slug":"exposicion-de-la-visita-de-einstein-a-espana%ef%bf%bc","status":"publish","type":"post","link":"https:\/\/wpd.ugr.es\/~battaner\/?p=736","title":{"rendered":"Exposici\u00f3n de la visita de Einstein a Espa\u00f1a\ufffc"},"content":{"rendered":"\t\t<div data-elementor-type=\"wp-post\" data-elementor-id=\"736\" class=\"elementor elementor-736\">\n\t\t\t\t\t\t\t\t\t<section class=\"elementor-section elementor-top-section elementor-element elementor-element-6da0162 elementor-section-boxed elementor-section-height-default elementor-section-height-default\" data-id=\"6da0162\" data-element_type=\"section\">\n\t\t\t\t\t\t<div class=\"elementor-container elementor-column-gap-default\">\n\t\t\t\t\t<div class=\"elementor-column elementor-col-100 elementor-top-column elementor-element elementor-element-447ce4d\" data-id=\"447ce4d\" data-element_type=\"column\">\n\t\t\t<div class=\"elementor-widget-wrap elementor-element-populated\">\n\t\t\t\t\t\t\t\t<div class=\"elementor-element elementor-element-2b39dfd elementor-widget elementor-widget-image\" data-id=\"2b39dfd\" data-element_type=\"widget\" data-widget_type=\"image.default\">\n\t\t\t\t<div class=\"elementor-widget-container\">\n\t\t\t<style>\/*! elementor - v3.9.2 - 21-12-2022 *\/\n.elementor-widget-image{text-align:center}.elementor-widget-image a{display:inline-block}.elementor-widget-image a img[src$=\".svg\"]{width:48px}.elementor-widget-image img{vertical-align:middle;display:inline-block}<\/style>\t\t\t\t\t\t\t\t\t\t\t\t<img width=\"717\" height=\"1024\" src=\"https:\/\/wpd.ugr.es\/~battaner\/wp-content\/uploads\/2024\/05\/Cartel-Expo-Einstein-UGR-717x1024.jpg\" class=\"attachment-large size-large wp-image-738\" alt=\"\" loading=\"lazy\" srcset=\"https:\/\/wpd.ugr.es\/~battaner\/wp-content\/uploads\/2024\/05\/Cartel-Expo-Einstein-UGR-717x1024.jpg 717w, https:\/\/wpd.ugr.es\/~battaner\/wp-content\/uploads\/2024\/05\/Cartel-Expo-Einstein-UGR-210x300.jpg 210w, https:\/\/wpd.ugr.es\/~battaner\/wp-content\/uploads\/2024\/05\/Cartel-Expo-Einstein-UGR-768x1097.jpg 768w, https:\/\/wpd.ugr.es\/~battaner\/wp-content\/uploads\/2024\/05\/Cartel-Expo-Einstein-UGR-1075x1536.jpg 1075w, https:\/\/wpd.ugr.es\/~battaner\/wp-content\/uploads\/2024\/05\/Cartel-Expo-Einstein-UGR-1434x2048.jpg 1434w, https:\/\/wpd.ugr.es\/~battaner\/wp-content\/uploads\/2024\/05\/Cartel-Expo-Einstein-UGR-1140x1628.jpg 1140w, https:\/\/wpd.ugr.es\/~battaner\/wp-content\/uploads\/2024\/05\/Cartel-Expo-Einstein-UGR-scaled.jpg 1792w\" sizes=\"(max-width: 717px) 100vw, 717px\" \/>\t\t\t\t\t\t\t\t\t\t\t\t\t\t\t<\/div>\n\t\t\t\t<\/div>\n\t\t\t\t\t<\/div>\n\t\t<\/div>\n\t\t\t\t\t\t\t<\/div>\n\t\t<\/section>\n\t\t\t\t<section class=\"elementor-section elementor-top-section elementor-element elementor-element-023ec3d elementor-section-boxed elementor-section-height-default elementor-section-height-default\" data-id=\"023ec3d\" data-element_type=\"section\">\n\t\t\t\t\t\t<div class=\"elementor-container elementor-column-gap-default\">\n\t\t\t\t\t<div class=\"elementor-column elementor-col-100 elementor-top-column elementor-element elementor-element-952e2d7\" data-id=\"952e2d7\" data-element_type=\"column\">\n\t\t\t<div class=\"elementor-widget-wrap elementor-element-populated\">\n\t\t\t\t\t\t\t\t<div class=\"elementor-element elementor-element-2c62dd5 elementor-widget elementor-widget-text-editor\" data-id=\"2c62dd5\" data-element_type=\"widget\" data-widget_type=\"text-editor.default\">\n\t\t\t\t<div class=\"elementor-widget-container\">\n\t\t\t<style>\/*! elementor - v3.9.2 - 21-12-2022 *\/\n.elementor-widget-text-editor.elementor-drop-cap-view-stacked .elementor-drop-cap{background-color:#818a91;color:#fff}.elementor-widget-text-editor.elementor-drop-cap-view-framed .elementor-drop-cap{color:#818a91;border:3px solid;background-color:transparent}.elementor-widget-text-editor:not(.elementor-drop-cap-view-default) .elementor-drop-cap{margin-top:8px}.elementor-widget-text-editor:not(.elementor-drop-cap-view-default) .elementor-drop-cap-letter{width:1em;height:1em}.elementor-widget-text-editor .elementor-drop-cap{float:left;text-align:center;line-height:1;font-size:50px}.elementor-widget-text-editor .elementor-drop-cap-letter{display:inline-block}<\/style>\t\t\t\t<p>En el zagu\u00e1n de la Facultad de Ciencias de la Universidad de Granada se puede visitar una interesante exposici\u00f3n \u201cLa visita del mito. Albert Einstein en Espa\u00f1a, 1923\u201d. Patrocinada por la Academia de Ciencias matem\u00e1ticas, Fisico-Qu\u00edmicas y Naturales de Granada y la Facultad de Ciencias. Se inaugur\u00f3 el 5 de abril, tras una conferencia de su comisario, el profesor Francisco Gonz\u00e1lez Redondo sobre \u201cLa edad de plata de la ciencia espa\u00f1ola\u201d. Permanecer\u00e1 abierta hasta el 24 de mayo. \u201cHomo finit, opera manent\u201d.<\/p>\t\t\t\t\t\t<\/div>\n\t\t\t\t<\/div>\n\t\t\t\t\t<\/div>\n\t\t<\/div>\n\t\t\t\t\t\t\t<\/div>\n\t\t<\/section>\n\t\t\t\t\t\t\t<\/div>\n\t\t","protected":false},"excerpt":{"rendered":"<p>En el zagu\u00e1n de la Facultad de Ciencias de la Universidad de Granada se puede visitar una interesante exposici\u00f3n \u201cLa visita del mito. Albert Einstein en Espa\u00f1a, 1923\u201d. Patrocinada por la Academia de Ciencias matem\u00e1ticas, Fisico-Qu\u00edmicas y Naturales de Granada y la Facultad de Ciencias. Se inaugur\u00f3 el 5 de abril, tras una conferencia de su comisario, el profesor Francisco Gonz\u00e1lez Redondo sobre \u201cLa edad de plata de la ciencia espa\u00f1ola\u201d. Permanecer\u00e1 abierta hasta el 24 de mayo. \u201cHomo finit, opera manent\u201d.<\/p>\n","protected":false},"author":1,"featured_media":738,"comment_status":"open","ping_status":"open","sticky":false,"template":"","format":"standard","meta":[],"categories":[8,1],"tags":[],"_links":{"self":[{"href":"https:\/\/wpd.ugr.es\/~battaner\/index.php?rest_route=\/wp\/v2\/posts\/736"}],"collection":[{"href":"https:\/\/wpd.ugr.es\/~battaner\/index.php?rest_route=\/wp\/v2\/posts"}],"about":[{"href":"https:\/\/wpd.ugr.es\/~battaner\/index.php?rest_route=\/wp\/v2\/types\/post"}],"author":[{"embeddable":true,"href":"https:\/\/wpd.ugr.es\/~battaner\/index.php?rest_route=\/wp\/v2\/users\/1"}],"replies":[{"embeddable":true,"href":"https:\/\/wpd.ugr.es\/~battaner\/index.php?rest_route=%2Fwp%2Fv2%2Fcomments&post=736"}],"version-history":[{"count":7,"href":"https:\/\/wpd.ugr.es\/~battaner\/index.php?rest_route=\/wp\/v2\/posts\/736\/revisions"}],"predecessor-version":[{"id":744,"href":"https:\/\/wpd.ugr.es\/~battaner\/index.php?rest_route=\/wp\/v2\/posts\/736\/revisions\/744"}],"wp:featuredmedia":[{"embeddable":true,"href":"https:\/\/wpd.ugr.es\/~battaner\/index.php?rest_route=\/wp\/v2\/media\/738"}],"wp:attachment":[{"href":"https:\/\/wpd.ugr.es\/~battaner\/index.php?rest_route=%2Fwp%2Fv2%2Fmedia&parent=736"}],"wp:term":[{"taxonomy":"category","embeddable":true,"href":"https:\/\/wpd.ugr.es\/~battaner\/index.php?rest_route=%2Fwp%2Fv2%2Fcategories&post=736"},{"taxonomy":"post_tag","embeddable":true,"href":"https:\/\/wpd.ugr.es\/~battaner\/index.php?rest_route=%2Fwp%2Fv2%2Ftags&post=736"}],"curies":[{"name":"wp","href":"https:\/\/api.w.org\/{rel}","templated":true}]}}