{"id":871,"date":"2025-06-30T17:06:10","date_gmt":"2025-06-30T17:06:10","guid":{"rendered":"https:\/\/wpd.ugr.es\/~battaner\/?p=871"},"modified":"2025-06-30T17:11:48","modified_gmt":"2025-06-30T17:11:48","slug":"poeta-francisco-acuyo","status":"publish","type":"post","link":"https:\/\/wpd.ugr.es\/~battaner\/?p=871","title":{"rendered":"Poeta Francisco Acuyo"},"content":{"rendered":"\n<figure class=\"wp-block-image size-full\"><img loading=\"lazy\" width=\"484\" height=\"223\" src=\"http:\/\/wpd.ugr.es\/~battaner\/wp-content\/uploads\/2025\/06\/acuyo-y-yo.png\" alt=\"\" class=\"wp-image-869\" srcset=\"https:\/\/wpd.ugr.es\/~battaner\/wp-content\/uploads\/2025\/06\/acuyo-y-yo.png 484w, https:\/\/wpd.ugr.es\/~battaner\/wp-content\/uploads\/2025\/06\/acuyo-y-yo-300x138.png 300w\" sizes=\"(max-width: 484px) 100vw, 484px\" \/><\/figure>\n\n\n\n<p>El poeta Francisco Acuyo me ha dedicado un hermos\u00edsimo poema, en su Blog \u201cAncile\u201d. <\/p>\n\n\n\n<p>En \u201cJard\u00edn sin tiempo ni espacio\u201d, Abril, 2025. <\/p>\n\n\n\n<p>\u00abYo vivir no deseo para cualquiera cosa&nbsp;<\/p>\n\n\n\n<p>que no sea contemplar la luz de aquel reflejo<\/p>\n\n\n\n<p>que antes del tiempo en m\u00ed estuviere prodigiosa.<\/p>\n\n\n\n<p>Luz nunca vista que antes que yo fuere en su espejo,<\/p>\n\n\n\n<p>mostr\u00f3 el alma evidente al ser siempre misteriosa.<\/p>\n\n\n\n<p>Mas de su luz no puede ninguna sombra o muro<\/p>\n\n\n\n<p>ya tupido de verdes hojas cubrir su brillo:<\/p>\n\n\n\n<p>aqu\u00ed, sobre la verde grama, est\u00e1 del futuro<\/p>\n\n\n\n<p>jard\u00edn, tendida mi figura, en el amarillo<\/p>\n\n\n\n<p>concierto de un oto\u00f1o de \u00e1lamos prematuro.<\/p>\n\n\n\n<p>Mi cuerpo no nacido en un esp\u00edritu de fuego<\/p>\n\n\n\n<p>potencial arde como poema jam\u00e1s escrito;<\/p>\n\n\n\n<p>acto fue de un autor no nacido que a ti entrego,<\/p>\n\n\n\n<p>lector, en donde fluye sin tiempo el infinito<\/p>\n\n\n\n<p>que persigue un ahora que nunca ser\u00e1 luego.\u00bb<\/p>\n","protected":false},"excerpt":{"rendered":"<p>El poeta Francisco Acuyo me ha dedicado un hermos\u00edsimo poema, en su Blog \u201cAncile\u201d. En \u201cJard\u00edn sin tiempo ni espacio\u201d, Abril, 2025. \u00abYo vivir no deseo para cualquiera cosa&nbsp; que no sea contemplar la luz de aquel reflejo que antes del tiempo en m\u00ed estuviere prodigiosa. Luz nunca vista que antes que yo fuere en su espejo, mostr\u00f3 el alma evidente al ser siempre misteriosa. Mas de su luz no puede ninguna sombra o muro ya tupido de verdes hojas cubrir su brillo: aqu\u00ed, sobre la verde grama, est\u00e1 del futuro jard\u00edn, tendida mi figura, en el amarillo concierto de un oto\u00f1o de \u00e1lamos prematuro. Mi cuerpo no nacido en un esp\u00edritu de fuego potencial arde como poema jam\u00e1s escrito; acto fue de un autor no nacido que a ti entrego, lector, en donde fluye sin tiempo el infinito que persigue un ahora que nunca ser\u00e1 luego.\u00bb<\/p>\n","protected":false},"author":1,"featured_media":869,"comment_status":"open","ping_status":"open","sticky":false,"template":"","format":"standard","meta":[],"categories":[9],"tags":[],"_links":{"self":[{"href":"https:\/\/wpd.ugr.es\/~battaner\/index.php?rest_route=\/wp\/v2\/posts\/871"}],"collection":[{"href":"https:\/\/wpd.ugr.es\/~battaner\/index.php?rest_route=\/wp\/v2\/posts"}],"about":[{"href":"https:\/\/wpd.ugr.es\/~battaner\/index.php?rest_route=\/wp\/v2\/types\/post"}],"author":[{"embeddable":true,"href":"https:\/\/wpd.ugr.es\/~battaner\/index.php?rest_route=\/wp\/v2\/users\/1"}],"replies":[{"embeddable":true,"href":"https:\/\/wpd.ugr.es\/~battaner\/index.php?rest_route=%2Fwp%2Fv2%2Fcomments&post=871"}],"version-history":[{"count":3,"href":"https:\/\/wpd.ugr.es\/~battaner\/index.php?rest_route=\/wp\/v2\/posts\/871\/revisions"}],"predecessor-version":[{"id":874,"href":"https:\/\/wpd.ugr.es\/~battaner\/index.php?rest_route=\/wp\/v2\/posts\/871\/revisions\/874"}],"wp:featuredmedia":[{"embeddable":true,"href":"https:\/\/wpd.ugr.es\/~battaner\/index.php?rest_route=\/wp\/v2\/media\/869"}],"wp:attachment":[{"href":"https:\/\/wpd.ugr.es\/~battaner\/index.php?rest_route=%2Fwp%2Fv2%2Fmedia&parent=871"}],"wp:term":[{"taxonomy":"category","embeddable":true,"href":"https:\/\/wpd.ugr.es\/~battaner\/index.php?rest_route=%2Fwp%2Fv2%2Fcategories&post=871"},{"taxonomy":"post_tag","embeddable":true,"href":"https:\/\/wpd.ugr.es\/~battaner\/index.php?rest_route=%2Fwp%2Fv2%2Ftags&post=871"}],"curies":[{"name":"wp","href":"https:\/\/api.w.org\/{rel}","templated":true}]}}