{"id":902,"date":"2025-10-27T08:15:27","date_gmt":"2025-10-27T08:15:27","guid":{"rendered":"https:\/\/wpd.ugr.es\/~battaner\/?p=902"},"modified":"2025-10-27T08:15:30","modified_gmt":"2025-10-27T08:15:30","slug":"adios-a-paco-sanchez","status":"publish","type":"post","link":"https:\/\/wpd.ugr.es\/~battaner\/?p=902","title":{"rendered":"Adi\u00f3s a Paco S\u00e1nchez"},"content":{"rendered":"\n<figure class=\"wp-block-image size-full\"><img loading=\"lazy\" width=\"640\" height=\"480\" src=\"https:\/\/wpd.ugr.es\/~battaner\/wp-content\/uploads\/2025\/10\/paco-y-yo.jpeg\" alt=\"\" class=\"wp-image-903\" srcset=\"https:\/\/wpd.ugr.es\/~battaner\/wp-content\/uploads\/2025\/10\/paco-y-yo.jpeg 640w, https:\/\/wpd.ugr.es\/~battaner\/wp-content\/uploads\/2025\/10\/paco-y-yo-300x225.jpeg 300w\" sizes=\"(max-width: 640px) 100vw, 640px\" \/><\/figure>\n\n\n\n<p>Nos dejaste, Paco\u2026<\/p>\n\n\n\n<p>Ha quedado tu huella imborrable. Nos dejas un gran instituto, unos grandes observatorios, un gran telescopio\u2026 nos dejas la astrof\u00edsica.<\/p>\n\n\n\n<p>Pero a tus amigos nos dejas mucho m\u00e1s. Nos dejas tu optimismo contagioso, nos dejas la alegr\u00eda y el buen humor, el buen talante y el buen talento, el amor por la vida, la entrega al trabajo, la capacidad para escuchar (\u00bfqu\u00e9 digo capacidad? \u00a1tu deseo, de escuchar!), la sinceridad, la espontaneidad, el romanticismo a flor de piel, la sonrisa (incluso la carcajada), varita m\u00e1gica con que desvanec\u00edas las contrariedades y encend\u00edas los buenos prop\u00f3sitos.<\/p>\n\n\n\n<p>Adi\u00f3s, maestro Paco; adi\u00f3s, amigo Paco.<\/p>\n\n\n\n<p>Pero no es momento para entristecerse; no habr\u00eda sido de tu agrado. Alegr\u00e9monos, con l\u00e1grimas, pero con sonrisas. Puesto que todos morimos, alegr\u00e9monos de que t\u00fa hayas tenido una vida feraz e intensa y que hayas muerto con la misma dignidad con que viviste. Has dejado aqu\u00ed la admiraci\u00f3n de todos tus colegas y el amor de un pu\u00f1ado de amigos.<\/p>\n\n\n\n<p>Dec\u00edas que eras \u201cun optimista patol\u00f3gico\u201d y ese esp\u00edritu era tu llave para abrir todas las puertas. Seg\u00fan te iba faltando la energ\u00eda f\u00edsica, que no la vitalidad, repet\u00edas tambi\u00e9n que eras \u201cun avaro del tiempo\u201d pues no quer\u00edas dilapidar el tesoro del tiempo, ni malgastarlo en prisas in\u00fatiles ni en ocios f\u00fatiles.<\/p>\n\n\n\n<p>Cuando empezamos, t\u00fa eras el due\u00f1o de la luz del Teide, y yo el de la del Veleta. Empec\u00e9 a trabajar contigo en aquel proyecto de lanzamiento de cohetes desde El Arenosillo y contigo acab\u00e9 queriendo desentra\u00f1ar el misterio de la complejidad de la vida.<\/p>\n\n\n\n<p>Una amistad de toda la vida\u2026 y un poco m\u00e1s.<\/p>\n","protected":false},"excerpt":{"rendered":"<p>Nos dejaste, Paco\u2026 Ha quedado tu huella imborrable. Nos dejas un gran instituto, unos grandes observatorios, un gran telescopio\u2026 nos dejas la astrof\u00edsica. Pero a tus amigos nos dejas mucho m\u00e1s. Nos dejas tu optimismo contagioso, nos dejas la alegr\u00eda y el buen humor, el buen talante y el buen talento, el amor por la vida, la entrega al trabajo, la capacidad para escuchar (\u00bfqu\u00e9 digo capacidad? \u00a1tu deseo, de escuchar!), la sinceridad, la espontaneidad, el romanticismo a flor de piel, la sonrisa (incluso la carcajada), varita m\u00e1gica con que desvanec\u00edas las contrariedades y encend\u00edas los buenos prop\u00f3sitos. Adi\u00f3s, maestro Paco; adi\u00f3s, amigo Paco. Pero no es momento para entristecerse; no habr\u00eda sido de tu agrado. Alegr\u00e9monos, con l\u00e1grimas, pero con sonrisas. Puesto que todos morimos, alegr\u00e9monos de que t\u00fa hayas tenido una vida feraz e intensa y que hayas muerto con la misma dignidad con que viviste. Has dejado aqu\u00ed la admiraci\u00f3n de todos tus colegas y el amor de un pu\u00f1ado de amigos. Dec\u00edas que eras \u201cun optimista patol\u00f3gico\u201d y ese esp\u00edritu era tu llave para abrir todas las puertas. Seg\u00fan te iba faltando la energ\u00eda f\u00edsica, que no la vitalidad, repet\u00edas tambi\u00e9n que eras \u201cun avaro del tiempo\u201d pues no quer\u00edas dilapidar el tesoro del tiempo, ni malgastarlo en prisas in\u00fatiles ni en ocios f\u00fatiles. Cuando empezamos, t\u00fa eras el due\u00f1o de la luz del Teide, y yo el de la del Veleta. Empec\u00e9 a trabajar contigo en aquel proyecto de lanzamiento de cohetes desde El Arenosillo y contigo acab\u00e9 queriendo desentra\u00f1ar el misterio de la complejidad de la vida. Una amistad de toda la vida\u2026 y un poco m\u00e1s.<\/p>\n","protected":false},"author":1,"featured_media":903,"comment_status":"open","ping_status":"open","sticky":false,"template":"","format":"standard","meta":[],"categories":[1],"tags":[],"_links":{"self":[{"href":"https:\/\/wpd.ugr.es\/~battaner\/index.php?rest_route=\/wp\/v2\/posts\/902"}],"collection":[{"href":"https:\/\/wpd.ugr.es\/~battaner\/index.php?rest_route=\/wp\/v2\/posts"}],"about":[{"href":"https:\/\/wpd.ugr.es\/~battaner\/index.php?rest_route=\/wp\/v2\/types\/post"}],"author":[{"embeddable":true,"href":"https:\/\/wpd.ugr.es\/~battaner\/index.php?rest_route=\/wp\/v2\/users\/1"}],"replies":[{"embeddable":true,"href":"https:\/\/wpd.ugr.es\/~battaner\/index.php?rest_route=%2Fwp%2Fv2%2Fcomments&post=902"}],"version-history":[{"count":1,"href":"https:\/\/wpd.ugr.es\/~battaner\/index.php?rest_route=\/wp\/v2\/posts\/902\/revisions"}],"predecessor-version":[{"id":904,"href":"https:\/\/wpd.ugr.es\/~battaner\/index.php?rest_route=\/wp\/v2\/posts\/902\/revisions\/904"}],"wp:featuredmedia":[{"embeddable":true,"href":"https:\/\/wpd.ugr.es\/~battaner\/index.php?rest_route=\/wp\/v2\/media\/903"}],"wp:attachment":[{"href":"https:\/\/wpd.ugr.es\/~battaner\/index.php?rest_route=%2Fwp%2Fv2%2Fmedia&parent=902"}],"wp:term":[{"taxonomy":"category","embeddable":true,"href":"https:\/\/wpd.ugr.es\/~battaner\/index.php?rest_route=%2Fwp%2Fv2%2Fcategories&post=902"},{"taxonomy":"post_tag","embeddable":true,"href":"https:\/\/wpd.ugr.es\/~battaner\/index.php?rest_route=%2Fwp%2Fv2%2Ftags&post=902"}],"curies":[{"name":"wp","href":"https:\/\/api.w.org\/{rel}","templated":true}]}}