{"id":1843,"date":"2021-10-27T19:00:24","date_gmt":"2021-10-27T19:00:24","guid":{"rendered":"http:\/\/wpd.ugr.es\/~esmujer\/?p=1843"},"modified":"2021-10-27T19:46:12","modified_gmt":"2021-10-27T19:46:12","slug":"i-congreso-nacional-mujeres-y-arquitecturas","status":"publish","type":"post","link":"https:\/\/wpd.ugr.es\/~esmujer\/?p=1843","title":{"rendered":"I Congreso Nacional Mujeres y Arquitecturas"},"content":{"rendered":"<p style=\"text-align: justify;\">Los pr\u00f3ximos 27, 28 y 29 de octubre de 2021, a trav\u00e9s de la plataforma virtual <a href=\"https:\/\/fundacion.arquia.com\/es-es\/\">Arquia<\/a>, tendr\u00e1 lugar el <strong>I Congreso Nacional Mujeres y Arquitectura<\/strong>. Con el lema \u201cHacia una profesi\u00f3n igualitaria\u201d, este congreso pretende reflexionar sobre la situaci\u00f3n de las mujeres en la arquitectura espa\u00f1ola, aunando estudios hist\u00f3ricos con reflexiones contempor\u00e1neas, y dando voz a arquitectas de diversas generaciones y contextos cuyas pr\u00e1cticas, diversas e integradoras, puedan servir de referencia y est\u00edmulo a futuras profesionales.<\/p>\n<p><\/br><\/p>\n<p style=\"text-align: justify;\">Una de las investigadoras del grupo HUM-603, <strong>Ana del Cid Mendoza<\/strong>, participar\u00e1 en este evento presentando los primeros resultados de su proyecto de investigaci\u00f3n \u201cArquitectas en Andaluc\u00eda: el papel de las mujeres en la profesi\u00f3n y la ense\u00f1anza de la arquitectura en el marco andaluz\u201d.<\/p>\n<p><\/br><\/p>\n<p style=\"text-align: justify;\">El congreso ser\u00e1 virtual y gratuito. M\u00e1s informaci\u00f3n <a href=\"http:\/\/muwo.unizar.es\/congreso\/\">aqu\u00ed<\/a>.<\/p>\n","protected":false},"excerpt":{"rendered":"<p>Los pr\u00f3ximos 27, 28 y 29 de octubre de 2021, a trav\u00e9s de la plataforma virtual Arquia, tendr\u00e1 lugar el I Congreso Nacional Mujeres y Arquitectura. Con el lema \u201cHacia una profesi\u00f3n igualitaria\u201d, este congreso pretende reflexionar sobre la situaci\u00f3n de las mujeres en la arquitectura espa\u00f1ola, aunando estudios hist\u00f3ricos con reflexiones contempor\u00e1neas, y dando [&hellip;]<\/p>\n","protected":false},"author":2,"featured_media":1844,"comment_status":"open","ping_status":"open","sticky":false,"template":"","format":"standard","meta":{"site-sidebar-layout":"default","site-content-layout":"","ast-site-content-layout":"","site-content-style":"default","site-sidebar-style":"default","ast-global-header-display":"","ast-banner-title-visibility":"","ast-main-header-display":"","ast-hfb-above-header-display":"","ast-hfb-below-header-display":"","ast-hfb-mobile-header-display":"","site-post-title":"","ast-breadcrumbs-content":"","ast-featured-img":"","footer-sml-layout":"","theme-transparent-header-meta":"","adv-header-id-meta":"","stick-header-meta":"","header-above-stick-meta":"","header-main-stick-meta":"","header-below-stick-meta":"","astra-migrate-meta-layouts":"default","ast-page-background-enabled":"default","ast-page-background-meta":{"desktop":{"background-color":"var(--ast-global-color-4)","background-image":"","background-repeat":"repeat","background-position":"center center","background-size":"auto","background-attachment":"scroll","background-type":"","background-media":"","overlay-type":"","overlay-color":"","overlay-gradient":""},"tablet":{"background-color":"","background-image":"","background-repeat":"repeat","background-position":"center center","background-size":"auto","background-attachment":"scroll","background-type":"","background-media":"","overlay-type":"","overlay-color":"","overlay-gradient":""},"mobile":{"background-color":"","background-image":"","background-repeat":"repeat","background-position":"center center","background-size":"auto","background-attachment":"scroll","background-type":"","background-media":"","overlay-type":"","overlay-color":"","overlay-gradient":""}},"ast-content-background-meta":{"desktop":{"background-color":"var(--ast-global-color-5)","background-image":"","background-repeat":"repeat","background-position":"center center","background-size":"auto","background-attachment":"scroll","background-type":"","background-media":"","overlay-type":"","overlay-color":"","overlay-gradient":""},"tablet":{"background-color":"var(--ast-global-color-5)","background-image":"","background-repeat":"repeat","background-position":"center center","background-size":"auto","background-attachment":"scroll","background-type":"","background-media":"","overlay-type":"","overlay-color":"","overlay-gradient":""},"mobile":{"background-color":"var(--ast-global-color-5)","background-image":"","background-repeat":"repeat","background-position":"center center","background-size":"auto","background-attachment":"scroll","background-type":"","background-media":"","overlay-type":"","overlay-color":"","overlay-gradient":""}},"footnotes":""},"categories":[1],"tags":[58,57,50],"_links":{"self":[{"href":"https:\/\/wpd.ugr.es\/~esmujer\/index.php?rest_route=\/wp\/v2\/posts\/1843"}],"collection":[{"href":"https:\/\/wpd.ugr.es\/~esmujer\/index.php?rest_route=\/wp\/v2\/posts"}],"about":[{"href":"https:\/\/wpd.ugr.es\/~esmujer\/index.php?rest_route=\/wp\/v2\/types\/post"}],"author":[{"embeddable":true,"href":"https:\/\/wpd.ugr.es\/~esmujer\/index.php?rest_route=\/wp\/v2\/users\/2"}],"replies":[{"embeddable":true,"href":"https:\/\/wpd.ugr.es\/~esmujer\/index.php?rest_route=%2Fwp%2Fv2%2Fcomments&post=1843"}],"version-history":[{"count":5,"href":"https:\/\/wpd.ugr.es\/~esmujer\/index.php?rest_route=\/wp\/v2\/posts\/1843\/revisions"}],"predecessor-version":[{"id":1849,"href":"https:\/\/wpd.ugr.es\/~esmujer\/index.php?rest_route=\/wp\/v2\/posts\/1843\/revisions\/1849"}],"wp:featuredmedia":[{"embeddable":true,"href":"https:\/\/wpd.ugr.es\/~esmujer\/index.php?rest_route=\/wp\/v2\/media\/1844"}],"wp:attachment":[{"href":"https:\/\/wpd.ugr.es\/~esmujer\/index.php?rest_route=%2Fwp%2Fv2%2Fmedia&parent=1843"}],"wp:term":[{"taxonomy":"category","embeddable":true,"href":"https:\/\/wpd.ugr.es\/~esmujer\/index.php?rest_route=%2Fwp%2Fv2%2Fcategories&post=1843"},{"taxonomy":"post_tag","embeddable":true,"href":"https:\/\/wpd.ugr.es\/~esmujer\/index.php?rest_route=%2Fwp%2Fv2%2Ftags&post=1843"}],"curies":[{"name":"wp","href":"https:\/\/api.w.org\/{rel}","templated":true}]}}