{"id":1854,"date":"2021-10-26T11:05:52","date_gmt":"2021-10-26T11:05:52","guid":{"rendered":"http:\/\/wpd.ugr.es\/~esmujer\/?p=1854"},"modified":"2021-10-26T11:07:31","modified_gmt":"2021-10-26T11:07:31","slug":"la-mirada-de-la-infancia-en-granada-dice-mas-que-palabras","status":"publish","type":"post","link":"https:\/\/wpd.ugr.es\/~esmujer\/?p=1854","title":{"rendered":"La mirada de la infancia en Granada dice \u201cm\u00e1s que palabras\u201d"},"content":{"rendered":"<p style=\"text-align: justify;\">La exposici\u00f3n \u201cM\u00e1s que palabras\u201d forma parte del proyecto \u201cParticipanda\u201d del Observatorio de la Infancia en Andaluc\u00eda (OIA), cuyo objetivo es <strong>fomentar la participaci\u00f3n de la infancia<\/strong> en los distintos \u00e1mbitos de la sociedad. Estas im\u00e1genes son el resultado de un taller de fotograf\u00eda colaborativa con personas de 12 a 17 a\u00f1os en acogimiento residencial en Andaluc\u00eda.<\/p>\n<p><\/br><\/p>\n<p style=\"text-align: justify;\">A lo largo de 11 sesiones, realizadas en 2018, los chicos y chicas participantes han tenido un papel activo en la construcci\u00f3n del conocimiento sobre su paso por el sistema de protecci\u00f3n de menores, generando narrativas visuales que muestran sus realidades, necesidades sue\u00f1os e ilusiones. Una exposici\u00f3n que se puede visitar en el Palacio de las Ni\u00f1as Nobles, de la Diputaci\u00f3n de Granada.<\/p>\n<p><\/br><\/p>\n<p style=\"text-align: justify;\">Las fotograf\u00edas han sido realizadas por Madina, Oumu, Nour, Jasmine, Judit, N\u00edah, Darell, Yo, C. Ronaldo, Yorsi, Casper, Ninguno \u2013participantes menores de 18 a\u00f1os\u2013, Ana Bel\u00e9n Estrada Gorr\u00edn, Marian del Moral Garrido \u2013colaboradoras del programa Corresponsables, Espacio de Encuentro del Audiovisual Andaluz para el Cambio Social\u2013 y Silvia Bustamante Elvira, psic\u00f3loga y t\u00e9cnica del OIA y coordinadora del proyecto. Los textos que acompa\u00f1an a las im\u00e1genes muestran algunas reflexiones sobre su derecho a participar en las decisiones que afectan a sus vidas en el sistema de protecci\u00f3n.<\/p>\n<p><\/br><\/p>\n<p style=\"text-align: justify;\">M\u00e1s informaci\u00f3n <a href=\"https:\/\/www.granadadigital.es\/la-mirada-de-la-infancia-en-granada-dice-mas-que-palabras\/\">aqu\u00ed<\/a>.<\/p>\n","protected":false},"excerpt":{"rendered":"<p>La exposici\u00f3n \u201cM\u00e1s que palabras\u201d forma parte del proyecto \u201cParticipanda\u201d del Observatorio de la Infancia en Andaluc\u00eda (OIA), cuyo objetivo es fomentar la participaci\u00f3n de la infancia en los distintos \u00e1mbitos de la sociedad. Estas im\u00e1genes son el resultado de un taller de fotograf\u00eda colaborativa con personas de 12 a 17 a\u00f1os en acogimiento residencial [&hellip;]<\/p>\n","protected":false},"author":2,"featured_media":1855,"comment_status":"open","ping_status":"open","sticky":false,"template":"","format":"standard","meta":{"site-sidebar-layout":"default","site-content-layout":"","ast-site-content-layout":"","site-content-style":"default","site-sidebar-style":"default","ast-global-header-display":"","ast-banner-title-visibility":"","ast-main-header-display":"","ast-hfb-above-header-display":"","ast-hfb-below-header-display":"","ast-hfb-mobile-header-display":"","site-post-title":"","ast-breadcrumbs-content":"","ast-featured-img":"","footer-sml-layout":"","theme-transparent-header-meta":"","adv-header-id-meta":"","stick-header-meta":"","header-above-stick-meta":"","header-main-stick-meta":"","header-below-stick-meta":"","astra-migrate-meta-layouts":"default","ast-page-background-enabled":"default","ast-page-background-meta":{"desktop":{"background-color":"var(--ast-global-color-4)","background-image":"","background-repeat":"repeat","background-position":"center center","background-size":"auto","background-attachment":"scroll","background-type":"","background-media":"","overlay-type":"","overlay-color":"","overlay-gradient":""},"tablet":{"background-color":"","background-image":"","background-repeat":"repeat","background-position":"center center","background-size":"auto","background-attachment":"scroll","background-type":"","background-media":"","overlay-type":"","overlay-color":"","overlay-gradient":""},"mobile":{"background-color":"","background-image":"","background-repeat":"repeat","background-position":"center center","background-size":"auto","background-attachment":"scroll","background-type":"","background-media":"","overlay-type":"","overlay-color":"","overlay-gradient":""}},"ast-content-background-meta":{"desktop":{"background-color":"var(--ast-global-color-5)","background-image":"","background-repeat":"repeat","background-position":"center center","background-size":"auto","background-attachment":"scroll","background-type":"","background-media":"","overlay-type":"","overlay-color":"","overlay-gradient":""},"tablet":{"background-color":"var(--ast-global-color-5)","background-image":"","background-repeat":"repeat","background-position":"center center","background-size":"auto","background-attachment":"scroll","background-type":"","background-media":"","overlay-type":"","overlay-color":"","overlay-gradient":""},"mobile":{"background-color":"var(--ast-global-color-5)","background-image":"","background-repeat":"repeat","background-position":"center center","background-size":"auto","background-attachment":"scroll","background-type":"","background-media":"","overlay-type":"","overlay-color":"","overlay-gradient":""}},"footnotes":""},"categories":[1],"tags":[63,62,64,61],"_links":{"self":[{"href":"https:\/\/wpd.ugr.es\/~esmujer\/index.php?rest_route=\/wp\/v2\/posts\/1854"}],"collection":[{"href":"https:\/\/wpd.ugr.es\/~esmujer\/index.php?rest_route=\/wp\/v2\/posts"}],"about":[{"href":"https:\/\/wpd.ugr.es\/~esmujer\/index.php?rest_route=\/wp\/v2\/types\/post"}],"author":[{"embeddable":true,"href":"https:\/\/wpd.ugr.es\/~esmujer\/index.php?rest_route=\/wp\/v2\/users\/2"}],"replies":[{"embeddable":true,"href":"https:\/\/wpd.ugr.es\/~esmujer\/index.php?rest_route=%2Fwp%2Fv2%2Fcomments&post=1854"}],"version-history":[{"count":3,"href":"https:\/\/wpd.ugr.es\/~esmujer\/index.php?rest_route=\/wp\/v2\/posts\/1854\/revisions"}],"predecessor-version":[{"id":1858,"href":"https:\/\/wpd.ugr.es\/~esmujer\/index.php?rest_route=\/wp\/v2\/posts\/1854\/revisions\/1858"}],"wp:featuredmedia":[{"embeddable":true,"href":"https:\/\/wpd.ugr.es\/~esmujer\/index.php?rest_route=\/wp\/v2\/media\/1855"}],"wp:attachment":[{"href":"https:\/\/wpd.ugr.es\/~esmujer\/index.php?rest_route=%2Fwp%2Fv2%2Fmedia&parent=1854"}],"wp:term":[{"taxonomy":"category","embeddable":true,"href":"https:\/\/wpd.ugr.es\/~esmujer\/index.php?rest_route=%2Fwp%2Fv2%2Fcategories&post=1854"},{"taxonomy":"post_tag","embeddable":true,"href":"https:\/\/wpd.ugr.es\/~esmujer\/index.php?rest_route=%2Fwp%2Fv2%2Ftags&post=1854"}],"curies":[{"name":"wp","href":"https:\/\/api.w.org\/{rel}","templated":true}]}}