{"id":1859,"date":"2021-10-26T11:13:24","date_gmt":"2021-10-26T11:13:24","guid":{"rendered":"http:\/\/wpd.ugr.es\/~esmujer\/?p=1859"},"modified":"2021-10-26T11:13:24","modified_gmt":"2021-10-26T11:13:24","slug":"otra-mirada-sobre-las-fronteras","status":"publish","type":"post","link":"https:\/\/wpd.ugr.es\/~esmujer\/?p=1859","title":{"rendered":"Otra mirada sobre las fronteras"},"content":{"rendered":"<p style=\"text-align: justify;\">Las aulas de la Facultad de Educaci\u00f3n, Econom\u00eda y Tecnolog\u00eda en el Campus de Ceuta acogieron unas jornadas de presentaci\u00f3n y formaci\u00f3n en el marco del proyecto \u201cEscuela de cine y periodismo de frontera. Im\u00e1genes de la migraci\u00f3n en la frontera sur\u201d, as\u00ed como un taller de la iniciativa Stop Rumores impartido por Marina P\u00e9rez, de Andaluc\u00eda Acoge.<\/p>\n<p><\/br><\/p>\n<p style=\"text-align: justify;\">El programa de la cita, que ahond\u00f3 en otra forma de mirar la frontera y las migraciones, incluy\u00f3 la presentaci\u00f3n de la Escuela por <strong>Marian del Moral<\/strong>, doctora en Antropolog\u00eda Social de la Universidad de Granada y antrop\u00f3loga visual, y Ana Bel\u00e9n Estrada, profesora del Departamento de Ling\u00fc\u00edstica General y Teor\u00eda de la Literatura de la Universidad de Granada, as\u00ed como una mesa redonda titulada \u201cAcompa\u00f1ando a los mejores en Ceuta\u201d, con Abdelaziz Mohamed, de la asociaci\u00f3n por la Dignidad de Mujeres, Ni\u00f1os y Ni\u00f1as (DIGMUN), y Azahara Garc\u00eda, mediadora social de la Fundaci\u00f3n Cruz Blanca en la ciudad.<\/p>\n<p><\/br><\/p>\n<p style=\"text-align: justify;\">M\u00e1s informaci\u00f3n (opcional) <a href=\"https:\/\/elfarodeceuta.es\/escuela-cine-periodismo-frontera-sur\/\">aqu\u00ed<\/a>.<\/p>\n","protected":false},"excerpt":{"rendered":"<p>Las aulas de la Facultad de Educaci\u00f3n, Econom\u00eda y Tecnolog\u00eda en el Campus de Ceuta acogieron unas jornadas de presentaci\u00f3n y formaci\u00f3n en el marco del proyecto \u201cEscuela de cine y periodismo de frontera. Im\u00e1genes de la migraci\u00f3n en la frontera sur\u201d, as\u00ed como un taller de la iniciativa Stop Rumores impartido por Marina P\u00e9rez, [&hellip;]<\/p>\n","protected":false},"author":2,"featured_media":1860,"comment_status":"open","ping_status":"open","sticky":false,"template":"","format":"standard","meta":{"site-sidebar-layout":"default","site-content-layout":"","ast-site-content-layout":"","site-content-style":"default","site-sidebar-style":"default","ast-global-header-display":"","ast-banner-title-visibility":"","ast-main-header-display":"","ast-hfb-above-header-display":"","ast-hfb-below-header-display":"","ast-hfb-mobile-header-display":"","site-post-title":"","ast-breadcrumbs-content":"","ast-featured-img":"","footer-sml-layout":"","theme-transparent-header-meta":"","adv-header-id-meta":"","stick-header-meta":"","header-above-stick-meta":"","header-main-stick-meta":"","header-below-stick-meta":"","astra-migrate-meta-layouts":"default","ast-page-background-enabled":"default","ast-page-background-meta":{"desktop":{"background-color":"var(--ast-global-color-4)","background-image":"","background-repeat":"repeat","background-position":"center center","background-size":"auto","background-attachment":"scroll","background-type":"","background-media":"","overlay-type":"","overlay-color":"","overlay-gradient":""},"tablet":{"background-color":"","background-image":"","background-repeat":"repeat","background-position":"center center","background-size":"auto","background-attachment":"scroll","background-type":"","background-media":"","overlay-type":"","overlay-color":"","overlay-gradient":""},"mobile":{"background-color":"","background-image":"","background-repeat":"repeat","background-position":"center center","background-size":"auto","background-attachment":"scroll","background-type":"","background-media":"","overlay-type":"","overlay-color":"","overlay-gradient":""}},"ast-content-background-meta":{"desktop":{"background-color":"var(--ast-global-color-5)","background-image":"","background-repeat":"repeat","background-position":"center center","background-size":"auto","background-attachment":"scroll","background-type":"","background-media":"","overlay-type":"","overlay-color":"","overlay-gradient":""},"tablet":{"background-color":"var(--ast-global-color-5)","background-image":"","background-repeat":"repeat","background-position":"center center","background-size":"auto","background-attachment":"scroll","background-type":"","background-media":"","overlay-type":"","overlay-color":"","overlay-gradient":""},"mobile":{"background-color":"var(--ast-global-color-5)","background-image":"","background-repeat":"repeat","background-position":"center center","background-size":"auto","background-attachment":"scroll","background-type":"","background-media":"","overlay-type":"","overlay-color":"","overlay-gradient":""}},"footnotes":""},"categories":[1],"tags":[67,69,66,68,65],"_links":{"self":[{"href":"https:\/\/wpd.ugr.es\/~esmujer\/index.php?rest_route=\/wp\/v2\/posts\/1859"}],"collection":[{"href":"https:\/\/wpd.ugr.es\/~esmujer\/index.php?rest_route=\/wp\/v2\/posts"}],"about":[{"href":"https:\/\/wpd.ugr.es\/~esmujer\/index.php?rest_route=\/wp\/v2\/types\/post"}],"author":[{"embeddable":true,"href":"https:\/\/wpd.ugr.es\/~esmujer\/index.php?rest_route=\/wp\/v2\/users\/2"}],"replies":[{"embeddable":true,"href":"https:\/\/wpd.ugr.es\/~esmujer\/index.php?rest_route=%2Fwp%2Fv2%2Fcomments&post=1859"}],"version-history":[{"count":1,"href":"https:\/\/wpd.ugr.es\/~esmujer\/index.php?rest_route=\/wp\/v2\/posts\/1859\/revisions"}],"predecessor-version":[{"id":1861,"href":"https:\/\/wpd.ugr.es\/~esmujer\/index.php?rest_route=\/wp\/v2\/posts\/1859\/revisions\/1861"}],"wp:featuredmedia":[{"embeddable":true,"href":"https:\/\/wpd.ugr.es\/~esmujer\/index.php?rest_route=\/wp\/v2\/media\/1860"}],"wp:attachment":[{"href":"https:\/\/wpd.ugr.es\/~esmujer\/index.php?rest_route=%2Fwp%2Fv2%2Fmedia&parent=1859"}],"wp:term":[{"taxonomy":"category","embeddable":true,"href":"https:\/\/wpd.ugr.es\/~esmujer\/index.php?rest_route=%2Fwp%2Fv2%2Fcategories&post=1859"},{"taxonomy":"post_tag","embeddable":true,"href":"https:\/\/wpd.ugr.es\/~esmujer\/index.php?rest_route=%2Fwp%2Fv2%2Ftags&post=1859"}],"curies":[{"name":"wp","href":"https:\/\/api.w.org\/{rel}","templated":true}]}}