{"id":1875,"date":"2021-03-13T12:45:33","date_gmt":"2021-03-13T12:45:33","guid":{"rendered":"http:\/\/wpd.ugr.es\/~esmujer\/?p=1875"},"modified":"2021-10-31T19:17:15","modified_gmt":"2021-10-31T19:17:15","slug":"acercar-la-mirada-feminista-de-la-historia-al-instituto","status":"publish","type":"post","link":"https:\/\/wpd.ugr.es\/~esmujer\/?p=1875","title":{"rendered":"Acercar la mirada feminista de la historia al instituto"},"content":{"rendered":"<p style=\"text-align: justify;\">Con motivo de la celebraci\u00f3n de este pasado 8 de marzo de 2020, D\u00eda Internacional de las Mujeres, la investigadora del grupo HUM-603 <strong>Rebeca Garc\u00eda Haro<\/strong> estuvo presente como invitada en el ciclo de actividades en torno a la igualdad que se llevaron a cabo en el IES Los Colegiales (Antequera, M\u00e1laga).<\/p>\n<p><\/br><\/p>\n<p style=\"text-align: justify;\">En esta ocasi\u00f3n trat\u00f3 de acercar una mirada feminista e igualitaria del pasado a las alumnas y alumnos de primero de bachillerato, haciendo uso de su propio entorno, con la charla divulgativa \u201cBuscando a las mujeres en nuestra ciudad. Un recorrido a trav\u00e9s del patrimonio hist\u00f3rico de Antequera\u201d.<\/p>\n<p><\/br><\/p>\n<p style=\"text-align: justify;\">Los objetivos de la charla fueron conocer y reconocer a las mujeres en el espacio urbano de Antequera a trav\u00e9s del patrimonio hist\u00f3rico, desde una perspectiva de g\u00e9nero, para fomentar la igualdad, la diversidad y el esp\u00edritu cr\u00edtico entre alumnas y alumnos. Con ello, se aport\u00f3 al alumnado una nueva metodolog\u00eda de observaci\u00f3n de su realidad, para promover tanto que las j\u00f3venes se vean representadas en el discurso hist\u00f3rico-cient\u00edfico como \u201cagentes activas\u201d, as\u00ed como para llamar a la reflexi\u00f3n de que una historia sin las mujeres es una historia desigual e incompleta.<\/p>\n<p><\/br><\/p>\n<p style=\"text-align: justify;\">Acceder a enlace de la noticia sobre las actividades en peri\u00f3dico local Sol de Antequera <a href=\"http:\/\/www.elsoldeantequera.com\/educacion\/38168-diferentes-actividades-marcan-la-celebracion-del-dia-de-la-mujer-en-el-ies-los-colegiales.html\">aqu\u00ed<\/a>.<\/p>\n","protected":false},"excerpt":{"rendered":"<p>Con motivo de la celebraci\u00f3n de este pasado 8 de marzo de 2020, D\u00eda Internacional de las Mujeres, la investigadora del grupo HUM-603 Rebeca Garc\u00eda Haro estuvo presente como invitada en el ciclo de actividades en torno a la igualdad que se llevaron a cabo en el IES Los Colegiales (Antequera, M\u00e1laga). En esta ocasi\u00f3n [&hellip;]<\/p>\n","protected":false},"author":2,"featured_media":1876,"comment_status":"open","ping_status":"open","sticky":false,"template":"","format":"standard","meta":{"site-sidebar-layout":"default","site-content-layout":"","ast-site-content-layout":"","site-content-style":"default","site-sidebar-style":"default","ast-global-header-display":"","ast-banner-title-visibility":"","ast-main-header-display":"","ast-hfb-above-header-display":"","ast-hfb-below-header-display":"","ast-hfb-mobile-header-display":"","site-post-title":"","ast-breadcrumbs-content":"","ast-featured-img":"","footer-sml-layout":"","theme-transparent-header-meta":"","adv-header-id-meta":"","stick-header-meta":"","header-above-stick-meta":"","header-main-stick-meta":"","header-below-stick-meta":"","astra-migrate-meta-layouts":"default","ast-page-background-enabled":"default","ast-page-background-meta":{"desktop":{"background-color":"var(--ast-global-color-4)","background-image":"","background-repeat":"repeat","background-position":"center center","background-size":"auto","background-attachment":"scroll","background-type":"","background-media":"","overlay-type":"","overlay-color":"","overlay-gradient":""},"tablet":{"background-color":"","background-image":"","background-repeat":"repeat","background-position":"center center","background-size":"auto","background-attachment":"scroll","background-type":"","background-media":"","overlay-type":"","overlay-color":"","overlay-gradient":""},"mobile":{"background-color":"","background-image":"","background-repeat":"repeat","background-position":"center center","background-size":"auto","background-attachment":"scroll","background-type":"","background-media":"","overlay-type":"","overlay-color":"","overlay-gradient":""}},"ast-content-background-meta":{"desktop":{"background-color":"var(--ast-global-color-5)","background-image":"","background-repeat":"repeat","background-position":"center center","background-size":"auto","background-attachment":"scroll","background-type":"","background-media":"","overlay-type":"","overlay-color":"","overlay-gradient":""},"tablet":{"background-color":"var(--ast-global-color-5)","background-image":"","background-repeat":"repeat","background-position":"center center","background-size":"auto","background-attachment":"scroll","background-type":"","background-media":"","overlay-type":"","overlay-color":"","overlay-gradient":""},"mobile":{"background-color":"var(--ast-global-color-5)","background-image":"","background-repeat":"repeat","background-position":"center center","background-size":"auto","background-attachment":"scroll","background-type":"","background-media":"","overlay-type":"","overlay-color":"","overlay-gradient":""}},"footnotes":""},"categories":[1],"tags":[86,66,87,88],"_links":{"self":[{"href":"https:\/\/wpd.ugr.es\/~esmujer\/index.php?rest_route=\/wp\/v2\/posts\/1875"}],"collection":[{"href":"https:\/\/wpd.ugr.es\/~esmujer\/index.php?rest_route=\/wp\/v2\/posts"}],"about":[{"href":"https:\/\/wpd.ugr.es\/~esmujer\/index.php?rest_route=\/wp\/v2\/types\/post"}],"author":[{"embeddable":true,"href":"https:\/\/wpd.ugr.es\/~esmujer\/index.php?rest_route=\/wp\/v2\/users\/2"}],"replies":[{"embeddable":true,"href":"https:\/\/wpd.ugr.es\/~esmujer\/index.php?rest_route=%2Fwp%2Fv2%2Fcomments&post=1875"}],"version-history":[{"count":2,"href":"https:\/\/wpd.ugr.es\/~esmujer\/index.php?rest_route=\/wp\/v2\/posts\/1875\/revisions"}],"predecessor-version":[{"id":1878,"href":"https:\/\/wpd.ugr.es\/~esmujer\/index.php?rest_route=\/wp\/v2\/posts\/1875\/revisions\/1878"}],"wp:featuredmedia":[{"embeddable":true,"href":"https:\/\/wpd.ugr.es\/~esmujer\/index.php?rest_route=\/wp\/v2\/media\/1876"}],"wp:attachment":[{"href":"https:\/\/wpd.ugr.es\/~esmujer\/index.php?rest_route=%2Fwp%2Fv2%2Fmedia&parent=1875"}],"wp:term":[{"taxonomy":"category","embeddable":true,"href":"https:\/\/wpd.ugr.es\/~esmujer\/index.php?rest_route=%2Fwp%2Fv2%2Fcategories&post=1875"},{"taxonomy":"post_tag","embeddable":true,"href":"https:\/\/wpd.ugr.es\/~esmujer\/index.php?rest_route=%2Fwp%2Fv2%2Ftags&post=1875"}],"curies":[{"name":"wp","href":"https:\/\/api.w.org\/{rel}","templated":true}]}}