{"id":1893,"date":"2021-05-29T19:29:38","date_gmt":"2021-05-29T19:29:38","guid":{"rendered":"http:\/\/wpd.ugr.es\/~esmujer\/?p=1893"},"modified":"2021-10-27T19:30:04","modified_gmt":"2021-10-27T19:30:04","slug":"margarita-m-birriel-salcedo-y-raul-ruiz-alvarez-del-grupo-hum-603-editan-el-libro-de-nacion-morisca-desarrollo-de-la-noticia","status":"publish","type":"post","link":"https:\/\/wpd.ugr.es\/~esmujer\/?p=1893","title":{"rendered":"Margarita M. Birriel Salcedo y Ra\u00fal Ruiz \u00c1lvarez, del Grupo HUM-603, editan el libro De naci\u00f3n morisca Desarrollo de la noticia"},"content":{"rendered":"<p style=\"text-align: justify;\">De naci\u00f3n morisca re\u00fane un conjunto de trabajos interdisciplinares que abordan diversos aspectos de la investigaci\u00f3n sobre las minor\u00edas moriscas y el Reino de Granada en los cien a\u00f1os que transcurren desde la conquista por los Reyes Cat\u00f3licos hasta la Rebeli\u00f3n de las Alpujarras, la derrota de los moriscos y su inmediata expulsi\u00f3n del Reino por Felipe II, y la subsiguiente repoblaci\u00f3n.<\/p>\n<p><\/br><\/p>\n<p style=\"text-align: justify;\">Con este t\u00edtulo, adem\u00e1s, los editores han querido destacar c\u00f3mo los moriscos eran percibidos como una naci\u00f3n, un grupo separado, desde la visi\u00f3n hegem\u00f3nica. Esta caracter\u00edstica nos permit\u00eda abordajes m\u00faltiples para el estudio de la minor\u00eda, indagando en cuestiones como las identidades, los discursos, y la religiosidad, y entrelazadas a las condiciones materiales de vida, las relaciones sociales, las pr\u00e1cticas econ\u00f3micas o la demograf\u00eda, con especial atenci\u00f3n a la esclavitud. A estas l\u00edneas de investigaci\u00f3n se unir\u00e1n otras tan permanentes en el tiempo como lo ha sido la construcci\u00f3n del imaginario morisco en la literatura y las fuentes visuales, que ya en su momento delimitar\u00eda unas estrategias representativas de la otredad que se hacen presentes en otros contextos como por ejemplo el americano.<\/p>\n<p><\/br><\/p>\n<p>En todo esto, el reto fue repensar la cuesti\u00f3n morisca \u2013tan recurrente en la historiograf\u00eda\u2013 desde diversas perspectivas y an\u00e1lisis metodol\u00f3gicos que aportasen nuevos interrogantes y resultados.<br \/><\/br><\/p>\n<p><a href=\"https:\/\/www.cehval.es\/wp-content\/uploads\/2021\/05\/Preview-De-Nacion-Morisca-1.pdf\">Descargar<\/a> \u00edndice De naci\u00f3n morisca<br \/><\/br><\/p>\n<p>Comprar: <a href=\"https:\/\/editorial.ugr.es\/static\/Emanagement\/*\/detalle_libro\/de-nacion-morisca\">Editorial Universidad de Granada<\/a><\/p>\n","protected":false},"excerpt":{"rendered":"<p>De naci\u00f3n morisca re\u00fane un conjunto de trabajos interdisciplinares que abordan diversos aspectos de la investigaci\u00f3n sobre las minor\u00edas moriscas y el Reino de Granada en los cien a\u00f1os que transcurren desde la conquista por los Reyes Cat\u00f3licos hasta la Rebeli\u00f3n de las Alpujarras, la derrota de los moriscos y su inmediata expulsi\u00f3n del Reino [&hellip;]<\/p>\n","protected":false},"author":2,"featured_media":1894,"comment_status":"open","ping_status":"open","sticky":false,"template":"","format":"standard","meta":{"site-sidebar-layout":"default","site-content-layout":"","ast-site-content-layout":"","site-content-style":"default","site-sidebar-style":"default","ast-global-header-display":"","ast-banner-title-visibility":"","ast-main-header-display":"","ast-hfb-above-header-display":"","ast-hfb-below-header-display":"","ast-hfb-mobile-header-display":"","site-post-title":"","ast-breadcrumbs-content":"","ast-featured-img":"","footer-sml-layout":"","theme-transparent-header-meta":"","adv-header-id-meta":"","stick-header-meta":"","header-above-stick-meta":"","header-main-stick-meta":"","header-below-stick-meta":"","astra-migrate-meta-layouts":"default","ast-page-background-enabled":"default","ast-page-background-meta":{"desktop":{"background-color":"var(--ast-global-color-4)","background-image":"","background-repeat":"repeat","background-position":"center center","background-size":"auto","background-attachment":"scroll","background-type":"","background-media":"","overlay-type":"","overlay-color":"","overlay-gradient":""},"tablet":{"background-color":"","background-image":"","background-repeat":"repeat","background-position":"center center","background-size":"auto","background-attachment":"scroll","background-type":"","background-media":"","overlay-type":"","overlay-color":"","overlay-gradient":""},"mobile":{"background-color":"","background-image":"","background-repeat":"repeat","background-position":"center center","background-size":"auto","background-attachment":"scroll","background-type":"","background-media":"","overlay-type":"","overlay-color":"","overlay-gradient":""}},"ast-content-background-meta":{"desktop":{"background-color":"var(--ast-global-color-5)","background-image":"","background-repeat":"repeat","background-position":"center center","background-size":"auto","background-attachment":"scroll","background-type":"","background-media":"","overlay-type":"","overlay-color":"","overlay-gradient":""},"tablet":{"background-color":"var(--ast-global-color-5)","background-image":"","background-repeat":"repeat","background-position":"center center","background-size":"auto","background-attachment":"scroll","background-type":"","background-media":"","overlay-type":"","overlay-color":"","overlay-gradient":""},"mobile":{"background-color":"var(--ast-global-color-5)","background-image":"","background-repeat":"repeat","background-position":"center center","background-size":"auto","background-attachment":"scroll","background-type":"","background-media":"","overlay-type":"","overlay-color":"","overlay-gradient":""}},"footnotes":""},"categories":[1],"tags":[101,93,102,94],"_links":{"self":[{"href":"https:\/\/wpd.ugr.es\/~esmujer\/index.php?rest_route=\/wp\/v2\/posts\/1893"}],"collection":[{"href":"https:\/\/wpd.ugr.es\/~esmujer\/index.php?rest_route=\/wp\/v2\/posts"}],"about":[{"href":"https:\/\/wpd.ugr.es\/~esmujer\/index.php?rest_route=\/wp\/v2\/types\/post"}],"author":[{"embeddable":true,"href":"https:\/\/wpd.ugr.es\/~esmujer\/index.php?rest_route=\/wp\/v2\/users\/2"}],"replies":[{"embeddable":true,"href":"https:\/\/wpd.ugr.es\/~esmujer\/index.php?rest_route=%2Fwp%2Fv2%2Fcomments&post=1893"}],"version-history":[{"count":1,"href":"https:\/\/wpd.ugr.es\/~esmujer\/index.php?rest_route=\/wp\/v2\/posts\/1893\/revisions"}],"predecessor-version":[{"id":1895,"href":"https:\/\/wpd.ugr.es\/~esmujer\/index.php?rest_route=\/wp\/v2\/posts\/1893\/revisions\/1895"}],"wp:featuredmedia":[{"embeddable":true,"href":"https:\/\/wpd.ugr.es\/~esmujer\/index.php?rest_route=\/wp\/v2\/media\/1894"}],"wp:attachment":[{"href":"https:\/\/wpd.ugr.es\/~esmujer\/index.php?rest_route=%2Fwp%2Fv2%2Fmedia&parent=1893"}],"wp:term":[{"taxonomy":"category","embeddable":true,"href":"https:\/\/wpd.ugr.es\/~esmujer\/index.php?rest_route=%2Fwp%2Fv2%2Fcategories&post=1893"},{"taxonomy":"post_tag","embeddable":true,"href":"https:\/\/wpd.ugr.es\/~esmujer\/index.php?rest_route=%2Fwp%2Fv2%2Ftags&post=1893"}],"curies":[{"name":"wp","href":"https:\/\/api.w.org\/{rel}","templated":true}]}}