{"id":2462,"date":"2025-01-12T16:06:01","date_gmt":"2025-01-12T16:06:01","guid":{"rendered":"https:\/\/wpd.ugr.es\/~esmujer\/?p=2462"},"modified":"2025-01-12T16:36:31","modified_gmt":"2025-01-12T16:36:31","slug":"ampliacion-plazo-presentacion-ponencias-coloquio-internacional-de-estudios-de-las-mujeres-y-de-genero","status":"publish","type":"post","link":"https:\/\/wpd.ugr.es\/~esmujer\/?p=2462","title":{"rendered":"Ampliaci\u00f3n Plazo Presentaci\u00f3n Ponencias Coloquio Internacional de Estudios de las Mujeres y de G\u00e9nero"},"content":{"rendered":"<p style=\"font-weight: 400; text-align: center;\"><strong>COLOQUIO INTERNACIONAL<\/strong><\/p>\n<p style=\"font-weight: 400; text-align: center;\"><strong>DE ESTUDIOS DE LAS MUJERES Y DE G\u00c9NERO<\/strong><\/p>\n<p style=\"font-weight: 400; text-align: center;\"><strong>\u00a0<\/strong><strong>Genealog\u00edas feministas: en el hilo de la memoria<\/strong><\/p>\n<p style=\"font-weight: 400; text-align: center;\"><strong><em>Homenaje a Margarita M. Birriel Salcedo<\/em><\/strong><\/p>\n<p style=\"font-weight: 400;\"><strong>\u00a0<\/strong><\/p>\n<p style=\"font-weight: 400;\">Entre los d\u00edas 10 y 12 de diciembre de 2025, se celebrar\u00e1 en Granada el Coloquio Internacional de Estudios de las Mujeres y de G\u00e9nero \u201cGenealog\u00edas feministas: en el hilo de la memoria\u201d. El objetivo de este evento es reflexionar sobre las genealog\u00edas feministas como creadoras y transmisoras de memoria. Se pondr\u00e1 el foco en dichas genealog\u00edas y su contribuci\u00f3n a la historiograf\u00eda reciente y a la propia historia de las mujeres.<\/p>\n<p style=\"font-weight: 400;\">El encuentro nace como una iniciativa conjunta del Grupo de investigaci\u00f3n de Estudios de las Mujeres (HUM-603), del Instituto de Estudios de las Mujeres y de G\u00e9nero (UGR) y del Centro de Estudios Hist\u00f3ricos del Valle de Lecr\u00edn y La Alpujarra. En esta edici\u00f3n rendimos homenaje a Margarita M. Birriel Salcedo, una de las pioneras y reconocidas historiadoras feministas, cofundadora del Instituto de Estudios de las Mujeres y de G\u00e9nero de la Universidad de Granada.<\/p>\n<p style=\"font-weight: 400;\">Este coloquio se inscribe en la larga senda de trabajo del Grupo HUM603 de estudios de las mujeres de la UGR, que durante tres d\u00e9cadas ha realizado una contribuci\u00f3n significativa al conocimiento y a las conversaciones interdisciplinares, especialmente en aquellos primeros a\u00f1os en los que se empezaba a abrir camino. Se ha avanzado notablemente en teor\u00edas, metodolog\u00edas y tem\u00e1ticas, lo que ha consolidado un s\u00f3lido legado en el \u00e1mbito de los estudios de las mujeres y de g\u00e9nero.<\/p>\n<p style=\"font-weight: 400;\">La trayectoria profesional de la profesora Birriel Salcedo destaca por su constante compromiso social, materializado en profundos an\u00e1lisis sobre su entorno y en una pertinente simbiosis entre\u00a0la academia y el territorio. Sus reivindicaciones pol\u00edticas han ido de la mano de profundas investigaciones hist\u00f3ricas y de su constante vinculaci\u00f3n con el medio. Su magisterio como reconocida especialista en historia de las mujeres y de g\u00e9nero en el M\u00e1ster Gemma y el Departamento de Historia Moderna y de Am\u00e9rica la hacen merecedora de este hito, en el que se pretende realizar una de las actividades que nos ha ense\u00f1ado: conversar para avanzar en la generaci\u00f3n de un conocimiento de g\u00e9nero transversal y comprometido.<\/p>\n<p style=\"font-weight: 400;\">En esta reuni\u00f3n cient\u00edfica se dar\u00e1n cita investigadoras y especialistas de diferentes universidades e instituciones internacionales, con objeto de ahondar en la Historia de las Mujeres y de G\u00e9nero desde la interdisciplinariedad y la interseccionalidad, se\u00f1as de identidad de la profesora Birriel Salcedo. Buscamos generar un espacio de encuentro, reflexi\u00f3n y debate dentro de los estudios feministas, con el objetivo de repensar y hacer balance de los avances y retos actuales.\u00a0Si bien ponemos el foco\u00a0en el papel de la Historia como herramienta para la comprensi\u00f3n y la interpretaci\u00f3n de problem\u00e1ticas presentes, el encuentro est\u00e1 abierto a diferentes disciplinas, como la Antropolog\u00eda, los Estudios Literarios, la M\u00fasica, la Arquitectura, la Sociolog\u00eda, la Historia del Arte o las Ciencias de la Salud, entre otras.<\/p>\n<p style=\"font-weight: 400;\">Invitamos a investigadoras e investigadores a presentar sus ponencias dentro de alguna de las siguientes cuatro l\u00edneas.<\/p>\n<p style=\"font-weight: 400;\"><strong>Genealog\u00edas Feministas: con hilos de memoria\u00a0<\/strong>invita a reflexionar sobre las diversas metodolog\u00edas, pr\u00e1cticas y marcos te\u00f3ricos empleados en la investigaci\u00f3n feminista sobre historia de las mujeres y de g\u00e9nero, as\u00ed como su evoluci\u00f3n y relevancia en la actualidad.<\/p>\n<p style=\"font-weight: 400;\"><strong>Intersecciones: G\u00e9nero, Clase, Raza y Etnia\u00a0<\/strong>se centra en la intersecci\u00f3n del g\u00e9nero con otras categor\u00edas sociales como la clase, la raza y la etnia, y en c\u00f3mo estas intersecciones han sido estudiadas. Temas como la interseccionalidad, las identidades, la representaci\u00f3n, las desigualdades, la frontera y las resistencias son susceptibles de ser abordados en esta secci\u00f3n.<\/p>\n<p style=\"font-weight: 400;\"><strong>Memorias entrelazadas: Econom\u00eda, G\u00e9nero, Familia y Trabajo\u00a0<\/strong>constituye un eje tem\u00e1tico que abarca la Historia Social y Econ\u00f3mica desde la categor\u00eda de an\u00e1lisis de g\u00e9nero, as\u00ed como las interrelaciones entre familia y trabajo.<\/p>\n<p style=\"font-weight: 400;\"><strong>Espacios y Objetos: G\u00e9nero y Cultura Material\u00a0<\/strong>se enfoca en c\u00f3mo los espacios y los objetos han sido influenciados por el g\u00e9nero y c\u00f3mo esta categor\u00eda ha servido para su an\u00e1lisis hist\u00f3rico, as\u00ed como para la generaci\u00f3n de identidades y memorias.<\/p>\n<p style=\"font-weight: 400;\">Las propuestas para ponencias pueden enviarse hasta el 15 de enero de 2025 (ampliado al 15 de febrero). Como se indica en el <strong>formulario disponible en la web<\/strong>, deber\u00e1n contener: t\u00edtulo; l\u00ednea a la que se adscribe; resumen de entre 200 y 300 palabras; 5 palabras clave y un resumen del CV de m\u00e1ximo 200 palabras. Adem\u00e1s, deber\u00e1n figurar los siguientes datos de los\/as autores\/as: nombre y apellidos; correo electr\u00f3nico y direcci\u00f3n postal; n\u00famero de tel\u00e9fono; filiaci\u00f3n acad\u00e9mica, si la hubiera. Se invita a autores y autoras a enviar una fotograf\u00eda de perfil actualizada en formato JPG o PNG, resoluci\u00f3n m\u00ednimo 300 ppp. Las propuestas aceptadas ser\u00e1n publicadas en un libro de res\u00famenes con ISBN, que ser\u00e1 puesto a disposici\u00f3n de los participantes antes de la celebraci\u00f3n del evento.<\/p>\n<p style=\"font-weight: 400;\">Por favor, env\u00eden sus\u00a0<strong>formularios\u00a0<\/strong>al correo:<\/p>\n<p style=\"font-weight: 400;\"><a href=\"mailto:congresomujeresgenerougr@gmail.com\">congresomujeresgenerougr@gmail.com<\/a><\/p>\n<p style=\"font-weight: 400;\"><strong>Idiomas del Congreso:\u00a0<\/strong>espa\u00f1ol, ingl\u00e9s.<\/p>\n<p style=\"font-weight: 400;\"><strong>Publicaci\u00f3n:<\/strong><\/p>\n<p style=\"font-weight: 400;\"><strong>\u00a0<\/strong>Tras la celebraci\u00f3n del encuentro, quienes as\u00ed lo deseen, podr\u00e1n enviar los textos de sus comunicaciones, en los que se recojan las propuestas, preguntas e interpelaciones cient\u00edficas de las investigaciones presentadas. Los textos de las comunicaciones que sean evaluados positivamente podr\u00e1n ser publicados como cap\u00edtulo de libro en un monogr\u00e1fico de textos cortos (m\u00e1ximo 5000 palabras, con notas y anexos), en editorial indexada en SPI. El comit\u00e9 cient\u00edfico del congreso se reserva el derecho de desestimar los env\u00edos que no se ajusten a las normas de edici\u00f3n.<\/p>\n<p style=\"font-weight: 400;\"><strong>\u00a0<\/strong><strong>Cuotas de inscripci\u00f3n:<\/strong><\/p>\n<p style=\"font-weight: 400;\"><strong>\u00a0<\/strong>Ponencias presenciales: cuota reducida 50 euros (hasta junio 2025). Cuota completa 90 euros.<\/p>\n<p style=\"font-weight: 400;\">Bonificaci\u00f3n 50% desempleados sin prestaci\u00f3n.<\/p>\n<p style=\"font-weight: 400;\">Asistencia: gratuita con inscripci\u00f3n obligatoria. Para su certificaci\u00f3n, ser\u00e1 imprescindible asistir al 80% de las sesiones.<\/p>\n<p style=\"font-weight: 400;\"><strong>\u00a0<\/strong><strong>Fecha importantes:<\/strong><\/p>\n<ol>\n<li style=\"font-weight: 400;\">Plazo m\u00e1ximo presentaci\u00f3n ponencias: 15 enero 2025 (ampliado al 15 de febrero)<\/li>\n<li style=\"font-weight: 400;\">Publicaci\u00f3n ponencias aceptadas: 1 marzo 2025<\/li>\n<li style=\"font-weight: 400;\">Inicio pago inscripciones (cuota reducida): 1 marzo 2025<\/li>\n<li style=\"font-weight: 400;\">Pago inscripciones con cuota completa: 1 junio 2025<\/li>\n<li style=\"font-weight: 400;\">Presentaci\u00f3n programa: 15 Junio 2025<\/li>\n<li style=\"font-weight: 400;\">Celebraci\u00f3n del congreso: 10-12 Diciembre 2025<\/li>\n<li style=\"font-weight: 400;\">Env\u00edo de los textos para su publicaci\u00f3n: Febrero 2026<\/li>\n<\/ol>\n<p style=\"font-weight: 400;\"><strong>Toda la informaci\u00f3n en:\u00a0<\/strong><a href=\"https:\/\/wpd.ugr.es\/~esmujer\/?page_id=2258\" data-saferedirecturl=\"https:\/\/www.google.com\/url?q=https:\/\/wpd.ugr.es\/~esmujer\/?page_id%3D2258&amp;source=gmail&amp;ust=1721473596787000&amp;usg=AOvVaw3QubWniosYnFv_XQdGfSn_\">https:\/\/wpd.ugr.es\/~esmujer\/?page_id=2258<\/a><\/p>\n<p><a href=\"http:\/\/wpd.ugr.es\/~esmujer\/wp-content\/uploads\/2-circular.pdf\">2 circular<\/a><\/p>\n","protected":false},"excerpt":{"rendered":"<p>COLOQUIO INTERNACIONAL DE ESTUDIOS DE LAS MUJERES Y DE G\u00c9NERO \u00a0Genealog\u00edas feministas: en el hilo de la memoria Homenaje a Margarita M. Birriel Salcedo \u00a0 Entre los d\u00edas 10 y 12 de diciembre de 2025, se celebrar\u00e1 en Granada el Coloquio Internacional de Estudios de las Mujeres y de G\u00e9nero \u201cGenealog\u00edas feministas: en el hilo [&hellip;]<\/p>\n","protected":false},"author":2,"featured_media":2467,"comment_status":"open","ping_status":"open","sticky":false,"template":"","format":"standard","meta":{"site-sidebar-layout":"default","site-content-layout":"","ast-site-content-layout":"default","site-content-style":"default","site-sidebar-style":"default","ast-global-header-display":"","ast-banner-title-visibility":"","ast-main-header-display":"","ast-hfb-above-header-display":"","ast-hfb-below-header-display":"","ast-hfb-mobile-header-display":"","site-post-title":"","ast-breadcrumbs-content":"","ast-featured-img":"","footer-sml-layout":"","theme-transparent-header-meta":"default","adv-header-id-meta":"","stick-header-meta":"","header-above-stick-meta":"","header-main-stick-meta":"","header-below-stick-meta":"","astra-migrate-meta-layouts":"set","ast-page-background-enabled":"default","ast-page-background-meta":{"desktop":{"background-color":"var(--ast-global-color-4)","background-image":"","background-repeat":"repeat","background-position":"center center","background-size":"auto","background-attachment":"scroll","background-type":"","background-media":"","overlay-type":"","overlay-color":"","overlay-gradient":""},"tablet":{"background-color":"","background-image":"","background-repeat":"repeat","background-position":"center center","background-size":"auto","background-attachment":"scroll","background-type":"","background-media":"","overlay-type":"","overlay-color":"","overlay-gradient":""},"mobile":{"background-color":"","background-image":"","background-repeat":"repeat","background-position":"center center","background-size":"auto","background-attachment":"scroll","background-type":"","background-media":"","overlay-type":"","overlay-color":"","overlay-gradient":""}},"ast-content-background-meta":{"desktop":{"background-color":"var(--ast-global-color-5)","background-image":"","background-repeat":"repeat","background-position":"center center","background-size":"auto","background-attachment":"scroll","background-type":"","background-media":"","overlay-type":"","overlay-color":"","overlay-gradient":""},"tablet":{"background-color":"var(--ast-global-color-5)","background-image":"","background-repeat":"repeat","background-position":"center center","background-size":"auto","background-attachment":"scroll","background-type":"","background-media":"","overlay-type":"","overlay-color":"","overlay-gradient":""},"mobile":{"background-color":"var(--ast-global-color-5)","background-image":"","background-repeat":"repeat","background-position":"center center","background-size":"auto","background-attachment":"scroll","background-type":"","background-media":"","overlay-type":"","overlay-color":"","overlay-gradient":""}},"footnotes":""},"categories":[1,34],"tags":[],"_links":{"self":[{"href":"https:\/\/wpd.ugr.es\/~esmujer\/index.php?rest_route=\/wp\/v2\/posts\/2462"}],"collection":[{"href":"https:\/\/wpd.ugr.es\/~esmujer\/index.php?rest_route=\/wp\/v2\/posts"}],"about":[{"href":"https:\/\/wpd.ugr.es\/~esmujer\/index.php?rest_route=\/wp\/v2\/types\/post"}],"author":[{"embeddable":true,"href":"https:\/\/wpd.ugr.es\/~esmujer\/index.php?rest_route=\/wp\/v2\/users\/2"}],"replies":[{"embeddable":true,"href":"https:\/\/wpd.ugr.es\/~esmujer\/index.php?rest_route=%2Fwp%2Fv2%2Fcomments&post=2462"}],"version-history":[{"count":1,"href":"https:\/\/wpd.ugr.es\/~esmujer\/index.php?rest_route=\/wp\/v2\/posts\/2462\/revisions"}],"predecessor-version":[{"id":2469,"href":"https:\/\/wpd.ugr.es\/~esmujer\/index.php?rest_route=\/wp\/v2\/posts\/2462\/revisions\/2469"}],"wp:featuredmedia":[{"embeddable":true,"href":"https:\/\/wpd.ugr.es\/~esmujer\/index.php?rest_route=\/wp\/v2\/media\/2467"}],"wp:attachment":[{"href":"https:\/\/wpd.ugr.es\/~esmujer\/index.php?rest_route=%2Fwp%2Fv2%2Fmedia&parent=2462"}],"wp:term":[{"taxonomy":"category","embeddable":true,"href":"https:\/\/wpd.ugr.es\/~esmujer\/index.php?rest_route=%2Fwp%2Fv2%2Fcategories&post=2462"},{"taxonomy":"post_tag","embeddable":true,"href":"https:\/\/wpd.ugr.es\/~esmujer\/index.php?rest_route=%2Fwp%2Fv2%2Ftags&post=2462"}],"curies":[{"name":"wp","href":"https:\/\/api.w.org\/{rel}","templated":true}]}}