{"id":2571,"date":"2025-07-22T10:59:07","date_gmt":"2025-07-22T10:59:07","guid":{"rendered":"https:\/\/wpd.ugr.es\/~esmujer\/?p=2571"},"modified":"2025-07-22T10:59:22","modified_gmt":"2025-07-22T10:59:22","slug":"publicada-la-5a-circular-del-coloquio-internacional-genealogias-feministas-en-el-hilo-de-la-memoria","status":"publish","type":"post","link":"https:\/\/wpd.ugr.es\/~esmujer\/?p=2571","title":{"rendered":"Publicada la 5\u00aa Circular del Coloquio Internacional \u201cGenealog\u00edas feministas: en el hilo de la memoria\u201d"},"content":{"rendered":"<p><strong><em>El programa provisional ya est\u00e1 disponible y se anuncia una intensa agenda de debates<\/em><\/strong><\/p>\n<p>La circular incluye la distribuci\u00f3n preliminar de mesas tem\u00e1ticas, sesiones plenarias, actividades complementarias y homenajes, con especial atenci\u00f3n al tributo a la historiadora Margarita M. Birriel Salcedo, referente en los estudios de mujeres y g\u00e9nero en Espa\u00f1a. La programaci\u00f3n se desplegar\u00e1 en distintas franjas horarias a lo largo de tres jornadas intensas, con m\u00e1s de 150 ponencias en torno a la memoria, la genealog\u00eda, la cultura material, la resistencia, el activismo y la creaci\u00f3n feminista.<\/p>\n<p>Se recuerda a las personas participantes que cada intervenci\u00f3n dispondr\u00e1 de 15 minutos de exposici\u00f3n, y que se fomentar\u00e1 un formato abierto al di\u00e1logo, la escucha activa y la participaci\u00f3n colectiva, principios fundacionales del coloquio.<\/p>\n<p>Asimismo, se recomienda anticipar las gestiones de transporte y alojamiento en Granada, dada la alta demanda en las fechas se\u00f1aladas.<\/p>\n<p>\ud83d\uddc2\ufe0f Acceso a la Circular<br \/>\nLa 5\u00aa Circular y el programa provisional completo pueden consultarse y descargarse en la p\u00e1gina oficial del grupo HUM\u2011603:<\/p>\n<p><a href=\"http:\/\/wpd.ugr.es\/~esmujer\/wp-content\/uploads\/CIRCULAR-5-HUM603.pdf\">CIRCULAR 5 HUM603<\/a><\/p>\n","protected":false},"excerpt":{"rendered":"<p>El programa provisional ya est\u00e1 disponible y se anuncia una intensa agenda de debates La circular incluye la distribuci\u00f3n preliminar de mesas tem\u00e1ticas, sesiones plenarias, actividades complementarias y homenajes, con especial atenci\u00f3n al tributo a la historiadora Margarita M. Birriel Salcedo, referente en los estudios de mujeres y g\u00e9nero en Espa\u00f1a. La programaci\u00f3n se desplegar\u00e1 [&hellip;]<\/p>\n","protected":false},"author":2,"featured_media":2575,"comment_status":"open","ping_status":"open","sticky":false,"template":"","format":"standard","meta":{"site-sidebar-layout":"default","site-content-layout":"","ast-site-content-layout":"default","site-content-style":"default","site-sidebar-style":"default","ast-global-header-display":"","ast-banner-title-visibility":"","ast-main-header-display":"","ast-hfb-above-header-display":"","ast-hfb-below-header-display":"","ast-hfb-mobile-header-display":"","site-post-title":"","ast-breadcrumbs-content":"","ast-featured-img":"","footer-sml-layout":"","theme-transparent-header-meta":"default","adv-header-id-meta":"","stick-header-meta":"","header-above-stick-meta":"","header-main-stick-meta":"","header-below-stick-meta":"","astra-migrate-meta-layouts":"set","ast-page-background-enabled":"default","ast-page-background-meta":{"desktop":{"background-color":"var(--ast-global-color-4)","background-image":"","background-repeat":"repeat","background-position":"center center","background-size":"auto","background-attachment":"scroll","background-type":"","background-media":"","overlay-type":"","overlay-color":"","overlay-gradient":""},"tablet":{"background-color":"","background-image":"","background-repeat":"repeat","background-position":"center center","background-size":"auto","background-attachment":"scroll","background-type":"","background-media":"","overlay-type":"","overlay-color":"","overlay-gradient":""},"mobile":{"background-color":"","background-image":"","background-repeat":"repeat","background-position":"center center","background-size":"auto","background-attachment":"scroll","background-type":"","background-media":"","overlay-type":"","overlay-color":"","overlay-gradient":""}},"ast-content-background-meta":{"desktop":{"background-color":"var(--ast-global-color-5)","background-image":"","background-repeat":"repeat","background-position":"center center","background-size":"auto","background-attachment":"scroll","background-type":"","background-media":"","overlay-type":"","overlay-color":"","overlay-gradient":""},"tablet":{"background-color":"var(--ast-global-color-5)","background-image":"","background-repeat":"repeat","background-position":"center center","background-size":"auto","background-attachment":"scroll","background-type":"","background-media":"","overlay-type":"","overlay-color":"","overlay-gradient":""},"mobile":{"background-color":"var(--ast-global-color-5)","background-image":"","background-repeat":"repeat","background-position":"center center","background-size":"auto","background-attachment":"scroll","background-type":"","background-media":"","overlay-type":"","overlay-color":"","overlay-gradient":""}},"footnotes":""},"categories":[1,27,34],"tags":[66,29,93,33],"_links":{"self":[{"href":"https:\/\/wpd.ugr.es\/~esmujer\/index.php?rest_route=\/wp\/v2\/posts\/2571"}],"collection":[{"href":"https:\/\/wpd.ugr.es\/~esmujer\/index.php?rest_route=\/wp\/v2\/posts"}],"about":[{"href":"https:\/\/wpd.ugr.es\/~esmujer\/index.php?rest_route=\/wp\/v2\/types\/post"}],"author":[{"embeddable":true,"href":"https:\/\/wpd.ugr.es\/~esmujer\/index.php?rest_route=\/wp\/v2\/users\/2"}],"replies":[{"embeddable":true,"href":"https:\/\/wpd.ugr.es\/~esmujer\/index.php?rest_route=%2Fwp%2Fv2%2Fcomments&post=2571"}],"version-history":[{"count":2,"href":"https:\/\/wpd.ugr.es\/~esmujer\/index.php?rest_route=\/wp\/v2\/posts\/2571\/revisions"}],"predecessor-version":[{"id":2577,"href":"https:\/\/wpd.ugr.es\/~esmujer\/index.php?rest_route=\/wp\/v2\/posts\/2571\/revisions\/2577"}],"wp:featuredmedia":[{"embeddable":true,"href":"https:\/\/wpd.ugr.es\/~esmujer\/index.php?rest_route=\/wp\/v2\/media\/2575"}],"wp:attachment":[{"href":"https:\/\/wpd.ugr.es\/~esmujer\/index.php?rest_route=%2Fwp%2Fv2%2Fmedia&parent=2571"}],"wp:term":[{"taxonomy":"category","embeddable":true,"href":"https:\/\/wpd.ugr.es\/~esmujer\/index.php?rest_route=%2Fwp%2Fv2%2Fcategories&post=2571"},{"taxonomy":"post_tag","embeddable":true,"href":"https:\/\/wpd.ugr.es\/~esmujer\/index.php?rest_route=%2Fwp%2Fv2%2Ftags&post=2571"}],"curies":[{"name":"wp","href":"https:\/\/api.w.org\/{rel}","templated":true}]}}