{"id":2633,"date":"2025-10-17T08:33:03","date_gmt":"2025-10-17T08:33:03","guid":{"rendered":"https:\/\/wpd.ugr.es\/~esmujer\/?p=2633"},"modified":"2025-10-17T08:33:03","modified_gmt":"2025-10-17T08:33:03","slug":"la-publicacion-de-un-documento-de-trabajo-abre-el-camino-del-coloquio-internacional-genealogias-feministas-en-el-hilo-de-la-memoria","status":"publish","type":"post","link":"https:\/\/wpd.ugr.es\/~esmujer\/?p=2633","title":{"rendered":"La publicaci\u00f3n de un documento de trabajo abre el camino del Coloquio Internacional Genealog\u00edas feministas: en el hilo de la memoria"},"content":{"rendered":"<p>Granada acoger\u00e1 del 10 al 12 de diciembre de 2025 el Coloquio Internacional de Estudios de las Mujeres y de G\u00e9nero <em>Genealog\u00edas feministas: en el hilo de la memoria<\/em>. Como antesala a la reuni\u00f3n cient\u00edfica, la organizaci\u00f3n ha presentado el documento de trabajo <em>Genealog\u00edas feministas: en el hilo de la memoria. Conversaciones en curso<\/em>, editado por Ra\u00fal Ruiz \u00c1lvarez (Universidad de C\u00e1diz), Alejandra Palafox Menegazzi y Nuria Romo Avil\u00e9s (Universidad de Granada), directores tambi\u00e9n del coloquio.<\/p>\n<p>Este volumen es una invitaci\u00f3n a entrar en los debates que se abrir\u00e1n en diciembre. Re\u00fane los res\u00famenes de las comunicaciones aceptadas y adelanta las l\u00edneas de investigaci\u00f3n, los marcos te\u00f3ricos y las metodolog\u00edas que guiar\u00e1n el coloquio. Se trata, en definitiva, de una herramienta previa que orienta, prepara y estimula el intercambio que est\u00e1 por venir.<\/p>\n<p>A trav\u00e9s de veintinueve mesas tem\u00e1ticas, el documento revela un panorama amplio y plural: desde los estudios hist\u00f3ricos sobre el trabajo y la memoria de las mujeres hasta la reflexi\u00f3n sobre cuerpos disidentes y sexualidades no normativas; desde las genealog\u00edas feministas en el arte, la literatura y la cultura material hasta las investigaciones sobre econom\u00eda, cuidados, violencia o memoria democr\u00e1tica. Tambi\u00e9n se abordan cuestiones de gran actualidad, como la representaci\u00f3n del g\u00e9nero en las redes digitales o la experiencia del activismo feminista en el espacio p\u00fablico y comunitario.<\/p>\n<p>El coloquio rendir\u00e1 homenaje a la profesora Margarita M. Birriel Salcedo, pionera en la historia social y cultural de las mujeres. Su magisterio, que uni\u00f3 docencia, investigaci\u00f3n y compromiso pol\u00edtico, abri\u00f3 caminos que hoy permiten pensar las genealog\u00edas feministas como hilos de memoria activa, capaces de enlazar pasado, presente y futuro.<\/p>\n<p>La publicaci\u00f3n del documento, en acceso abierto, refleja tambi\u00e9n la diversidad de voces que participar\u00e1n en Granada. Investigadoras consolidadas compartir\u00e1n espacio con j\u00f3venes doctoras, estudiantes predoctorales y representantes del tejido asociativo, en un ejercicio de di\u00e1logo intergeneracional y multidisciplinar que constituye una de las se\u00f1as de identidad de los estudios feministas. Redactado en espa\u00f1ol e ingl\u00e9s, el volumen refuerza la dimensi\u00f3n internacional del encuentro y facilita el acceso de investigadoras e investigadores de distintas procedencias.<\/p>\n<p>Organizado por el Grupo de Investigaci\u00f3n HUM603 de Estudios de las Mujeres, el Instituto Universitario de Investigaci\u00f3n de Estudios de las Mujeres y de G\u00e9nero de la Universidad de Granada y el Centro de Estudios Hist\u00f3ricos del Valle de Lecr\u00edn y La Alpujarra, el coloquio cuenta con el apoyo de numerosas instituciones y entidades culturales.<\/p>\n<p><a href=\"http:\/\/wpd.ugr.es\/~esmujer\/wp-content\/uploads\/Genealogias-Feministas-e-el-hilo-de-la-memoria.-Conversaciones-en-curso.-ISBN-978-84-09-78126-3.pdf\">Genealogi\u0301as Feministas e el hilo de la memoria. Conversaciones en curso. ISBN 978-84-09-78126-3<\/a><\/p>\n","protected":false},"excerpt":{"rendered":"<p>Granada acoger\u00e1 del 10 al 12 de diciembre de 2025 el Coloquio Internacional de Estudios de las Mujeres y de G\u00e9nero Genealog\u00edas feministas: en el hilo de la memoria. Como antesala a la reuni\u00f3n cient\u00edfica, la organizaci\u00f3n ha presentado el documento de trabajo Genealog\u00edas feministas: en el hilo de la memoria. Conversaciones en curso, editado [&hellip;]<\/p>\n","protected":false},"author":2,"featured_media":2634,"comment_status":"open","ping_status":"open","sticky":false,"template":"","format":"standard","meta":{"site-sidebar-layout":"default","site-content-layout":"","ast-site-content-layout":"default","site-content-style":"default","site-sidebar-style":"default","ast-global-header-display":"","ast-banner-title-visibility":"","ast-main-header-display":"","ast-hfb-above-header-display":"","ast-hfb-below-header-display":"","ast-hfb-mobile-header-display":"","site-post-title":"","ast-breadcrumbs-content":"","ast-featured-img":"","footer-sml-layout":"","theme-transparent-header-meta":"default","adv-header-id-meta":"","stick-header-meta":"","header-above-stick-meta":"","header-main-stick-meta":"","header-below-stick-meta":"","astra-migrate-meta-layouts":"set","ast-page-background-enabled":"default","ast-page-background-meta":{"desktop":{"background-color":"var(--ast-global-color-4)","background-image":"","background-repeat":"repeat","background-position":"center center","background-size":"auto","background-attachment":"scroll","background-type":"","background-media":"","overlay-type":"","overlay-color":"","overlay-gradient":""},"tablet":{"background-color":"","background-image":"","background-repeat":"repeat","background-position":"center center","background-size":"auto","background-attachment":"scroll","background-type":"","background-media":"","overlay-type":"","overlay-color":"","overlay-gradient":""},"mobile":{"background-color":"","background-image":"","background-repeat":"repeat","background-position":"center center","background-size":"auto","background-attachment":"scroll","background-type":"","background-media":"","overlay-type":"","overlay-color":"","overlay-gradient":""}},"ast-content-background-meta":{"desktop":{"background-color":"var(--ast-global-color-5)","background-image":"","background-repeat":"repeat","background-position":"center center","background-size":"auto","background-attachment":"scroll","background-type":"","background-media":"","overlay-type":"","overlay-color":"","overlay-gradient":""},"tablet":{"background-color":"var(--ast-global-color-5)","background-image":"","background-repeat":"repeat","background-position":"center center","background-size":"auto","background-attachment":"scroll","background-type":"","background-media":"","overlay-type":"","overlay-color":"","overlay-gradient":""},"mobile":{"background-color":"var(--ast-global-color-5)","background-image":"","background-repeat":"repeat","background-position":"center center","background-size":"auto","background-attachment":"scroll","background-type":"","background-media":"","overlay-type":"","overlay-color":"","overlay-gradient":""}},"footnotes":""},"categories":[1,27,34],"tags":[],"_links":{"self":[{"href":"https:\/\/wpd.ugr.es\/~esmujer\/index.php?rest_route=\/wp\/v2\/posts\/2633"}],"collection":[{"href":"https:\/\/wpd.ugr.es\/~esmujer\/index.php?rest_route=\/wp\/v2\/posts"}],"about":[{"href":"https:\/\/wpd.ugr.es\/~esmujer\/index.php?rest_route=\/wp\/v2\/types\/post"}],"author":[{"embeddable":true,"href":"https:\/\/wpd.ugr.es\/~esmujer\/index.php?rest_route=\/wp\/v2\/users\/2"}],"replies":[{"embeddable":true,"href":"https:\/\/wpd.ugr.es\/~esmujer\/index.php?rest_route=%2Fwp%2Fv2%2Fcomments&post=2633"}],"version-history":[{"count":1,"href":"https:\/\/wpd.ugr.es\/~esmujer\/index.php?rest_route=\/wp\/v2\/posts\/2633\/revisions"}],"predecessor-version":[{"id":2636,"href":"https:\/\/wpd.ugr.es\/~esmujer\/index.php?rest_route=\/wp\/v2\/posts\/2633\/revisions\/2636"}],"wp:featuredmedia":[{"embeddable":true,"href":"https:\/\/wpd.ugr.es\/~esmujer\/index.php?rest_route=\/wp\/v2\/media\/2634"}],"wp:attachment":[{"href":"https:\/\/wpd.ugr.es\/~esmujer\/index.php?rest_route=%2Fwp%2Fv2%2Fmedia&parent=2633"}],"wp:term":[{"taxonomy":"category","embeddable":true,"href":"https:\/\/wpd.ugr.es\/~esmujer\/index.php?rest_route=%2Fwp%2Fv2%2Fcategories&post=2633"},{"taxonomy":"post_tag","embeddable":true,"href":"https:\/\/wpd.ugr.es\/~esmujer\/index.php?rest_route=%2Fwp%2Fv2%2Ftags&post=2633"}],"curies":[{"name":"wp","href":"https:\/\/api.w.org\/{rel}","templated":true}]}}