{"id":1226,"date":"2021-03-04T14:51:53","date_gmt":"2021-03-04T13:51:53","guid":{"rendered":"http:\/\/wpd.ugr.es\/~evoflor\/?p=1226"},"modified":"2021-12-27T17:29:16","modified_gmt":"2021-12-27T16:29:16","slug":"si-quieres-saber-un-poco-mas-sobre-plasticidad-fenotipica-y-polinizacion-este-video-te-interesa","status":"publish","type":"post","link":"https:\/\/wpd.ugr.es\/~evoflor\/?p=1226","title":{"rendered":"Si quieres saber un poco m\u00e1s sobre plasticidad fenot\u00edpica y polinizaci\u00f3n, este v\u00eddeo te interesa&#8230;"},"content":{"rendered":"\n<h2 class=\"wp-block-heading\">Si quieres saber un poco m\u00e1s sobre plasticidad fenot\u00edpica y polinizaci\u00f3n, este v\u00eddeo te interesa\u2026<\/h2>\n\n\n\n<div class=\"wp-block-image is-style-default\"><figure class=\"aligncenter size-large\"><img decoding=\"async\" src=\"http:\/\/lnavarro.webs.uvigo.es\/wp-content\/uploads\/2021\/03\/poster-2-v3-724x1024.jpg\" alt=\"\" class=\"wp-image-673\" \/><\/figure><\/div>\n\n\n\n<p>Cuando en el a\u00f1o 2008 comenzamos a elaborar v\u00eddeos de animaci\u00f3n para transferir al conjunto de la sociedad la informaci\u00f3n publicada en los art\u00edculos cient\u00edficos que escrib\u00edamos, uno de los objetivos era trasladar esta informaci\u00f3n de manera r\u00e1pida y comprensible a un p\u00fablico no familiarizado con nuestro trabajo de investigaci\u00f3n. La realidad nos ha puesto en nuestro sitio y \u2026 resulta que no somos capaces de hacer el trabajo de divulgaci\u00f3n cient\u00edfica en paralelo al de investigaci\u00f3n. Han tenido que pasar unos meses desde la publicaci\u00f3n de nuestro estudio sobre plasticidad fenot\u00edpica y nicho de polinizadores*, pero\u2026 ahora, por fin, <strong>podemos mostraros el v\u00eddeo que hemos preparado para tratar de incrementar la difusi\u00f3n social de este estudio<\/strong>. Poned pantalla grande, dadle volumen y \u2026 disfrutadlo c\u00f3mo lo hemos hecho los autores con el trabajo realizado.<\/p>\n\n\n\n<figure class=\"wp-block-embed-vimeo aligncenter wp-block-embed is-type-video is-provider-vimeo wp-embed-aspect-16-9 wp-has-aspect-ratio\"><div class=\"wp-block-embed__wrapper\">\n<iframe loading=\"lazy\" src=\"https:\/\/player.vimeo.com\/video\/485884273?h=071a9c5119&amp;dnt=1&amp;app_id=122963\" width=\"720\" height=\"405\" frameborder=\"0\" allow=\"autoplay; fullscreen; picture-in-picture\" allowfullscreen title=\"Plasticidad fenot&amp;iacute;pica y polinizadores\"><\/iframe>\n<\/div><figcaption>En este v\u00eddeo mostramos qu\u00e9 es la <strong>plasticidad fenot\u00edpica<\/strong> y c\u00f3mo la plasticidad individual dentro de las flores de <em>Moricandia arvensis <\/em>(Brassicaceae) permite a esta especie de planta modificar su <strong>nicho de polinizaci\u00f3n<\/strong>.<\/figcaption><\/figure>\n\n\n\n<p>*Este v\u00eddeo muestra los resultados del estudio:<br>G\u00f3mez JM, Perfectti F, Armas C, Narbona E, Gonz\u00e1lez-Meg\u00edas A, Navarro L, DeSoto L, Torices R (2020). Within-individual phenotypic plasticity in flowers fosters pollination niche shift. <em>Nature Communications <\/em><strong>11<\/strong>: 4019<a href=\"https:\/\/doi.org\/10.1038\/s41467-020-17875-1\"> https:\/\/doi.org\/10.1038\/s41467-020-17875-1<\/a><\/p>\n\n\n\n<p>Si est\u00e1s interesado en leerlo, no dudes en <a href=\"mailto:lnavarro@uvigo.es\" target=\"_blank\" rel=\"noreferrer noopener\">solicit\u00e1rnoslo<\/a><\/p>\n","protected":false},"excerpt":{"rendered":"<p>Si quieres saber un poco m\u00e1s sobre plasticidad fenot\u00edpica y polinizaci\u00f3n, este v\u00eddeo te interesa\u2026 Cuando en el a\u00f1o 2008 comenzamos a elaborar v\u00eddeos de animaci\u00f3n para transferir al conjunto de la sociedad la informaci\u00f3n publicada en los art\u00edculos cient\u00edficos<\/p>\n","protected":false},"author":12,"featured_media":1257,"comment_status":"closed","ping_status":"open","sticky":false,"template":"","format":"standard","meta":{"_mi_skip_tracking":false,"_exactmetrics_sitenote_active":false,"_exactmetrics_sitenote_note":"","_exactmetrics_sitenote_category":0,"_s2mail":""},"categories":[25,3,1],"tags":[],"_links":{"self":[{"href":"https:\/\/wpd.ugr.es\/~evoflor\/index.php?rest_route=\/wp\/v2\/posts\/1226"}],"collection":[{"href":"https:\/\/wpd.ugr.es\/~evoflor\/index.php?rest_route=\/wp\/v2\/posts"}],"about":[{"href":"https:\/\/wpd.ugr.es\/~evoflor\/index.php?rest_route=\/wp\/v2\/types\/post"}],"author":[{"embeddable":true,"href":"https:\/\/wpd.ugr.es\/~evoflor\/index.php?rest_route=\/wp\/v2\/users\/12"}],"replies":[{"embeddable":true,"href":"https:\/\/wpd.ugr.es\/~evoflor\/index.php?rest_route=%2Fwp%2Fv2%2Fcomments&post=1226"}],"version-history":[{"count":1,"href":"https:\/\/wpd.ugr.es\/~evoflor\/index.php?rest_route=\/wp\/v2\/posts\/1226\/revisions"}],"predecessor-version":[{"id":1227,"href":"https:\/\/wpd.ugr.es\/~evoflor\/index.php?rest_route=\/wp\/v2\/posts\/1226\/revisions\/1227"}],"wp:featuredmedia":[{"embeddable":true,"href":"https:\/\/wpd.ugr.es\/~evoflor\/index.php?rest_route=\/wp\/v2\/media\/1257"}],"wp:attachment":[{"href":"https:\/\/wpd.ugr.es\/~evoflor\/index.php?rest_route=%2Fwp%2Fv2%2Fmedia&parent=1226"}],"wp:term":[{"taxonomy":"category","embeddable":true,"href":"https:\/\/wpd.ugr.es\/~evoflor\/index.php?rest_route=%2Fwp%2Fv2%2Fcategories&post=1226"},{"taxonomy":"post_tag","embeddable":true,"href":"https:\/\/wpd.ugr.es\/~evoflor\/index.php?rest_route=%2Fwp%2Fv2%2Ftags&post=1226"}],"curies":[{"name":"wp","href":"https:\/\/api.w.org\/{rel}","templated":true}]}}