{"id":727,"date":"2018-01-31T22:12:13","date_gmt":"2018-01-31T21:12:13","guid":{"rendered":"http:\/\/wpd.ugr.es\/~evoflor\/?p=727"},"modified":"2018-02-13T18:02:06","modified_gmt":"2018-02-13T17:02:06","slug":"new-fellowship-achieved-treesilience-global-patterns-of-intraspecific-variation-in-tree-resilience-to-drought","status":"publish","type":"post","link":"https:\/\/wpd.ugr.es\/~evoflor\/?p=727","title":{"rendered":"New fellowship achieved.\u00a0TreEsilience: Global patterns of intraspecific variation in tree resilience to drought"},"content":{"rendered":"<p>Luc\u00eda DeSoto has been recently granted\u00a0with a\u00a0Marie Sk\u0142odowska-Curie Individual Fellowship to carry out\u00a0TreEsilience project.\u00a0TreEsilience aims using tree rings to investigate the\u00a0role of local adaptation in determining intraspecific variation in tree resilience to drought.<\/p>\n<figure id=\"attachment_730\" aria-describedby=\"caption-attachment-730\" style=\"width: 4160px\" class=\"wp-caption alignnone\"><img decoding=\"async\" loading=\"lazy\" class=\"wp-image-730 size-full\" src=\"http:\/\/wpd.ugr.es\/~evoflor\/wp-content\/uploads\/sequia3.jpg\" alt=\"\" width=\"4160\" height=\"3120\" srcset=\"https:\/\/wpd.ugr.es\/~evoflor\/wp-content\/uploads\/sequia3.jpg 4160w, https:\/\/wpd.ugr.es\/~evoflor\/wp-content\/uploads\/sequia3-300x225.jpg 300w, https:\/\/wpd.ugr.es\/~evoflor\/wp-content\/uploads\/sequia3-768x576.jpg 768w, https:\/\/wpd.ugr.es\/~evoflor\/wp-content\/uploads\/sequia3-1024x768.jpg 1024w\" sizes=\"(max-width: 4160px) 100vw, 4160px\" \/><figcaption id=\"caption-attachment-730\" class=\"wp-caption-text\">Drought mortality of Pines in Sierra Nevada (Spain)<\/figcaption><\/figure>\n<p><!--more--><\/p>\n<p>TreEsilience will use an interdisciplinary approach\u00a0that combines dendrochronology, phylogenetic comparative methods and species distribution modelling, thus bringing tools\u00a0from the spatial and evolutionary ecology to the study of forest management and conservation. Therefore,\u00a0TreEsilience will gather an interdisciplinary team, Jos\u00e9 M. G\u00f3mez and Cristina Armas (EEZA-CSIC), Antoine Guisan (DEE-UNIL), Paco Lloret and Jordi Mart\u00ednez-Vilalta (CREAF) and Agresta\u00a0S. Coop.<\/p>\n","protected":false},"excerpt":{"rendered":"<p>Luc\u00eda DeSoto has been recently granted\u00a0with a\u00a0Marie Sk\u0142odowska-Curie Individual Fellowship to carry out\u00a0TreEsilience project.\u00a0TreEsilience aims using tree rings to investigate the\u00a0role of local adaptation in determining intraspecific variation in tree resilience to drought.<\/p>\n","protected":false},"author":1,"featured_media":728,"comment_status":"closed","ping_status":"open","sticky":false,"template":"","format":"standard","meta":{"_mi_skip_tracking":false,"_exactmetrics_sitenote_active":false,"_exactmetrics_sitenote_note":"","_exactmetrics_sitenote_category":0,"_s2mail":""},"categories":[5],"tags":[],"_links":{"self":[{"href":"https:\/\/wpd.ugr.es\/~evoflor\/index.php?rest_route=\/wp\/v2\/posts\/727"}],"collection":[{"href":"https:\/\/wpd.ugr.es\/~evoflor\/index.php?rest_route=\/wp\/v2\/posts"}],"about":[{"href":"https:\/\/wpd.ugr.es\/~evoflor\/index.php?rest_route=\/wp\/v2\/types\/post"}],"author":[{"embeddable":true,"href":"https:\/\/wpd.ugr.es\/~evoflor\/index.php?rest_route=\/wp\/v2\/users\/1"}],"replies":[{"embeddable":true,"href":"https:\/\/wpd.ugr.es\/~evoflor\/index.php?rest_route=%2Fwp%2Fv2%2Fcomments&post=727"}],"version-history":[{"count":10,"href":"https:\/\/wpd.ugr.es\/~evoflor\/index.php?rest_route=\/wp\/v2\/posts\/727\/revisions"}],"predecessor-version":[{"id":739,"href":"https:\/\/wpd.ugr.es\/~evoflor\/index.php?rest_route=\/wp\/v2\/posts\/727\/revisions\/739"}],"wp:featuredmedia":[{"embeddable":true,"href":"https:\/\/wpd.ugr.es\/~evoflor\/index.php?rest_route=\/wp\/v2\/media\/728"}],"wp:attachment":[{"href":"https:\/\/wpd.ugr.es\/~evoflor\/index.php?rest_route=%2Fwp%2Fv2%2Fmedia&parent=727"}],"wp:term":[{"taxonomy":"category","embeddable":true,"href":"https:\/\/wpd.ugr.es\/~evoflor\/index.php?rest_route=%2Fwp%2Fv2%2Fcategories&post=727"},{"taxonomy":"post_tag","embeddable":true,"href":"https:\/\/wpd.ugr.es\/~evoflor\/index.php?rest_route=%2Fwp%2Fv2%2Ftags&post=727"}],"curies":[{"name":"wp","href":"https:\/\/api.w.org\/{rel}","templated":true}]}}