{"id":1493,"date":"2019-04-09T10:30:53","date_gmt":"2019-04-09T08:30:53","guid":{"rendered":"http:\/\/wpd.ugr.es\/~filolab\/wordpress\/?p=1493"},"modified":"2019-09-03T12:46:12","modified_gmt":"2019-09-03T10:46:12","slug":"convocatoria-escuela-internacional-de-verano-filolab-2019-8-12-de-julio","status":"publish","type":"post","link":"https:\/\/wpd.ugr.es\/~filolab\/wordpress\/2019\/04\/09\/convocatoria-escuela-internacional-de-verano-filolab-2019-8-12-de-julio\/","title":{"rendered":"[Convocatoria] Escuela Internacional de Verano FiloLab 2019, 8-12 de julio"},"content":{"rendered":"<h2><strong>Injusticia discursiva y cr\u00edtica social: epistemolog\u00eda y formaci\u00f3n para la deliberaci\u00f3n<\/strong><\/h2>\n<h3><em>8-12 de julio de 2019, Granada<\/em><\/h3>\n<p>Entre el lunes 8 y el viernes 12 de julio de 2019, en su segunda edici\u00f3n, la FiloLab-International Summer School (FL-ISS) ofrecer\u00e1 a estudiantes de doctorado y j\u00f3venes doctores\/as de diferentes pa\u00edses la oportunidad para exponer sus trabajos en curso o recientemente acabados, obtener comentarios cualificados sobre ellos y asesoramiento sobre su proyecci\u00f3n posdoctoral.<\/p>\n<p>El plazo para el env\u00edo de propuestas se ha ampliado hasta el 31 de mayo.<\/p>\n<p><!--more--><\/p>\n<p>El curso est\u00e1 especialmente pensado para que j\u00f3venes investigadores\/as puedan presentar sus investigaciones vinculadas a la tesis doctoral o art\u00edculos en curso, a pares y acad\u00e9micos\/as senior en el \u00e1mbito de la argumentaci\u00f3n, la epistemolog\u00eda, la \u00e9tica aplicada y la deliberaci\u00f3n, para su comentario y discusi\u00f3n.<\/p>\n<p>Se facilitar\u00e1n procesos de tutorizaci\u00f3n por profesores\/as en el \u00e1mbito de las humanidades y las ciencias sociales, as\u00ed como un fluido intercambio acad\u00e9mico con pares con intereses de investigaci\u00f3n cercanos. Se pretende con ello generar oportunidades de colaboraci\u00f3n entre j\u00f3venes investigadoras e investigadores de diferentes disciplinas relacionadas con la filosof\u00eda.<\/p>\n<p>El curso tendr\u00e1 una duraci\u00f3n de cuatro d\u00edas, con dos sesiones concentradas en las ma\u00f1anas y una a primera hora de la tarde, quedando el resto de la tarde libre para realizar actividades acad\u00e9micas informales y de ocio.&nbsp;Cada sesi\u00f3n durar\u00e1 una hora y media, con un m\u00e1ximo de 45 minutos de presentaci\u00f3n seguidos de un comentario y discusi\u00f3n durante otros 45 minutos. Las intervenciones se agrupar\u00e1n en funci\u00f3n de su afinidad tem\u00e1tica y metodol\u00f3gica. En ellas, cada investigador\/a presentar\u00e1 sus trabajos de doctorado o su proyecto posdoctoral. A continuaci\u00f3n, el profesorado invitado har\u00e1 un comentario a la exposici\u00f3n y despu\u00e9s moderar\u00e1 la sesi\u00f3n, en la que intervendr\u00e1n el profesorado adscrito a la Unidad de Excelencia FiloLab-UGR y los\/as dem\u00e1s asistentes. Este a\u00f1o, participar\u00e1n como profesores invitados Saray Ayala (California State University) y Asger S\u00f8rensen (University of Aarhus). Adem\u00e1s, contaremos con la presencia en las sesiones de miembros de la Unidad de Excelencia FiloLab.<\/p>\n<p>Puedes encontrar toda la informaci\u00f3n sobre la Escuela de Verano en nuestra <a href=\"http:\/\/wpd.ugr.es\/~filolab\/wordpress\/escuela-internacional-de-verano-2019\/\">p\u00e1gina web<\/a>.<\/p>\n<!-- AddThis Advanced Settings generic via filter on the_content --><!-- AddThis Share Buttons generic via filter on the_content -->","protected":false},"excerpt":{"rendered":"<p>Injusticia discursiva y cr\u00edtica social: epistemolog\u00eda y formaci\u00f3n para la deliberaci\u00f3n 8-12 de julio de 2019, Granada Entre el lunes 8 y el viernes 12 de julio de 2019, en su segunda edici\u00f3n, la FiloLab-International Summer School (FL-ISS) ofrecer\u00e1 a estudiantes de doctorado y j\u00f3venes doctores\/as de diferentes pa\u00edses la oportunidad para exponer sus trabajos [&hellip;]<!-- AddThis Advanced Settings generic via filter on get_the_excerpt --><!-- AddThis Share Buttons generic via filter on get_the_excerpt --><\/p>\n","protected":false},"author":1,"featured_media":1478,"comment_status":"open","ping_status":"open","sticky":false,"template":"","format":"standard","meta":[],"categories":[180,9],"tags":[717,299,539,719],"_links":{"self":[{"href":"https:\/\/wpd.ugr.es\/~filolab\/wordpress\/wp-json\/wp\/v2\/posts\/1493"}],"collection":[{"href":"https:\/\/wpd.ugr.es\/~filolab\/wordpress\/wp-json\/wp\/v2\/posts"}],"about":[{"href":"https:\/\/wpd.ugr.es\/~filolab\/wordpress\/wp-json\/wp\/v2\/types\/post"}],"author":[{"embeddable":true,"href":"https:\/\/wpd.ugr.es\/~filolab\/wordpress\/wp-json\/wp\/v2\/users\/1"}],"replies":[{"embeddable":true,"href":"https:\/\/wpd.ugr.es\/~filolab\/wordpress\/wp-json\/wp\/v2\/comments?post=1493"}],"version-history":[{"count":8,"href":"https:\/\/wpd.ugr.es\/~filolab\/wordpress\/wp-json\/wp\/v2\/posts\/1493\/revisions"}],"predecessor-version":[{"id":2078,"href":"https:\/\/wpd.ugr.es\/~filolab\/wordpress\/wp-json\/wp\/v2\/posts\/1493\/revisions\/2078"}],"wp:featuredmedia":[{"embeddable":true,"href":"https:\/\/wpd.ugr.es\/~filolab\/wordpress\/wp-json\/wp\/v2\/media\/1478"}],"wp:attachment":[{"href":"https:\/\/wpd.ugr.es\/~filolab\/wordpress\/wp-json\/wp\/v2\/media?parent=1493"}],"wp:term":[{"taxonomy":"category","embeddable":true,"href":"https:\/\/wpd.ugr.es\/~filolab\/wordpress\/wp-json\/wp\/v2\/categories?post=1493"},{"taxonomy":"post_tag","embeddable":true,"href":"https:\/\/wpd.ugr.es\/~filolab\/wordpress\/wp-json\/wp\/v2\/tags?post=1493"}],"curies":[{"name":"wp","href":"https:\/\/api.w.org\/{rel}","templated":true}]}}