{"id":1784,"date":"2019-06-17T12:49:50","date_gmt":"2019-06-17T10:49:50","guid":{"rendered":"http:\/\/wpd.ugr.es\/~filolab\/wordpress\/?p=1784"},"modified":"2019-06-17T12:49:50","modified_gmt":"2019-06-17T10:49:50","slug":"workshop-sobre-emergentismo-18-de-junio","status":"publish","type":"post","link":"https:\/\/wpd.ugr.es\/~filolab\/wordpress\/2019\/06\/17\/workshop-sobre-emergentismo-18-de-junio\/","title":{"rendered":"Workshop sobre emergentismo, 18 de junio"},"content":{"rendered":"<p>El martes 18 de junio tendr\u00e1 lugar un Workshop con Stephen Mumford y Sophie Gibb (University of Durham) sobre la noci\u00f3n de emergencia. Se celebrar\u00e1 en la Sala de Juntas de Filosof\u00eda (Edificio de la Facultad de Psicolog\u00eda) a partir de las 9:30 h.<\/p>\n<p><!--more--><\/p>\n<p><strong>WORKSHOP ON EMERGENCE<\/strong><\/p>\n<p>9:30-10:30 \u00a0 \u00a0 Stephen Mumford (Durham): Emergence and Naturalism<\/p>\n<p>10:35-11:30 \u00a0\u00a0 Sophie Gibb (Durham): Emergentism and the Causal Closure Principle<\/p>\n<p><em>Coffee break<\/em><\/p>\n<p>12:00-12:45 \u00a0\u00a0 Francesco Consiglio (Granada):\u00a0 The Emergence of Categories in a Cultural Niche<\/p>\n<p>12:45-14:00 \u00a0\u00a0 Round table: The Uses of Emergence<\/p>\n<p>Nemesio Garc\u00eda-Carril Puy (Granada): Emergence in Music<\/p>\n<p>\u00d3lafur P\u00e1ll J\u00f3nsson (Iceland): Emergence and Vagueness: An Aristotelian Perspective<\/p>\n<p>Fernando Mart\u00ednez Manrique (Granada): Emergence and Submergence<\/p>\n<p>Manuel de Pinedo (Granada): Emergentism and Enactivism<\/p>\n<p><em>Lunch<\/em><\/p>\n<p>M\u00e1s informaci\u00f3n sobre emergentismo, en este <a href=\"http:\/\/www.sefaweb.es\/emergentismo\/\">enlace<\/a>.<\/p>\n<!-- AddThis Advanced Settings generic via filter on the_content --><!-- AddThis Share Buttons generic via filter on the_content -->","protected":false},"excerpt":{"rendered":"<p>El martes 18 de junio tendr\u00e1 lugar un Workshop con Stephen Mumford y Sophie Gibb (University of Durham) sobre la noci\u00f3n de emergencia. Se celebrar\u00e1 en la Sala de Juntas de Filosof\u00eda (Edificio de la Facultad de Psicolog\u00eda) a partir de las 9:30 h.<!-- AddThis Advanced Settings generic via filter on get_the_excerpt --><!-- AddThis Share Buttons generic via filter on get_the_excerpt --><\/p>\n","protected":false},"author":1,"featured_media":1785,"comment_status":"open","ping_status":"open","sticky":false,"template":"","format":"standard","meta":[],"categories":[16,73],"tags":[818,523,820],"_links":{"self":[{"href":"https:\/\/wpd.ugr.es\/~filolab\/wordpress\/wp-json\/wp\/v2\/posts\/1784"}],"collection":[{"href":"https:\/\/wpd.ugr.es\/~filolab\/wordpress\/wp-json\/wp\/v2\/posts"}],"about":[{"href":"https:\/\/wpd.ugr.es\/~filolab\/wordpress\/wp-json\/wp\/v2\/types\/post"}],"author":[{"embeddable":true,"href":"https:\/\/wpd.ugr.es\/~filolab\/wordpress\/wp-json\/wp\/v2\/users\/1"}],"replies":[{"embeddable":true,"href":"https:\/\/wpd.ugr.es\/~filolab\/wordpress\/wp-json\/wp\/v2\/comments?post=1784"}],"version-history":[{"count":1,"href":"https:\/\/wpd.ugr.es\/~filolab\/wordpress\/wp-json\/wp\/v2\/posts\/1784\/revisions"}],"predecessor-version":[{"id":1786,"href":"https:\/\/wpd.ugr.es\/~filolab\/wordpress\/wp-json\/wp\/v2\/posts\/1784\/revisions\/1786"}],"wp:featuredmedia":[{"embeddable":true,"href":"https:\/\/wpd.ugr.es\/~filolab\/wordpress\/wp-json\/wp\/v2\/media\/1785"}],"wp:attachment":[{"href":"https:\/\/wpd.ugr.es\/~filolab\/wordpress\/wp-json\/wp\/v2\/media?parent=1784"}],"wp:term":[{"taxonomy":"category","embeddable":true,"href":"https:\/\/wpd.ugr.es\/~filolab\/wordpress\/wp-json\/wp\/v2\/categories?post=1784"},{"taxonomy":"post_tag","embeddable":true,"href":"https:\/\/wpd.ugr.es\/~filolab\/wordpress\/wp-json\/wp\/v2\/tags?post=1784"}],"curies":[{"name":"wp","href":"https:\/\/api.w.org\/{rel}","templated":true}]}}