{"id":2155,"date":"2019-11-22T09:00:33","date_gmt":"2019-11-22T08:00:33","guid":{"rendered":"http:\/\/wpd.ugr.es\/~filolab\/wordpress\/?p=2155"},"modified":"2020-03-15T12:05:50","modified_gmt":"2020-03-15T11:05:50","slug":"seminario-etica-y-percepcion-publica-de-las-politicas-de-donacion-y-transplantes-22-de-noviembre","status":"publish","type":"post","link":"https:\/\/wpd.ugr.es\/~filolab\/wordpress\/2019\/11\/22\/seminario-etica-y-percepcion-publica-de-las-politicas-de-donacion-y-transplantes-22-de-noviembre\/","title":{"rendered":"Seminario \u00ab\u00c9tica y percepci\u00f3n p\u00fablica de las pol\u00edticas de donaci\u00f3n y transplantes\u00bb, 22 de noviembre"},"content":{"rendered":"<p>El viernes 22 de noviembre\u00a0David Rodr\u00edguez-Arias, investigador garante de FiloLab-UGR, presentar\u00e1 los resultados del estudio realizado con la colaboraci\u00f3n del Instituto de Estudios Sociales Avanzados: \u201cEncuesta sobre conocimiento y actitudes del p\u00fablico con respecto a la donaci\u00f3n y el trasplante de \u00f3rganos\u201d.<\/p>\n<p><!--more--><\/p>\n<p>El estudio se hizo mediante panel, una t\u00e9cnica que cuenta con una muestra de car\u00e1cter permanente aunque sufre actualizaciones peri\u00f3dicas. Basado en modos mixtos de administraci\u00f3n de encuestas, se emplea de manera preferente la encuesta online para aquellos hogares que cuentan con acceso a esta tecnolog\u00eda y la entrevista telef\u00f3nica (a fijos y m\u00f3viles) para la poblaci\u00f3n que no es usuaria de internet, obteniendo tasas de cobertura cercanas al 100%.<\/p>\n<p>La actividad tendr\u00e1 lugar a las 12:30 en el Sal\u00f3n de Actos del IESA-CSIC, en Campo Santo de los M\u00e1rtires, 7, de C\u00f3rdoba.<\/p>\n<!-- AddThis Advanced Settings generic via filter on the_content --><!-- AddThis Share Buttons generic via filter on the_content -->","protected":false},"excerpt":{"rendered":"<p>El viernes 22 de noviembre\u00a0David Rodr\u00edguez-Arias, investigador garante de FiloLab-UGR, presentar\u00e1 los resultados del estudio realizado con la colaboraci\u00f3n del Instituto de Estudios Sociales Avanzados: \u201cEncuesta sobre conocimiento y actitudes del p\u00fablico con respecto a la donaci\u00f3n y el trasplante de \u00f3rganos\u201d.<!-- AddThis Advanced Settings generic via filter on get_the_excerpt --><!-- AddThis Share Buttons generic via filter on get_the_excerpt --><\/p>\n","protected":false},"author":1,"featured_media":2156,"comment_status":"open","ping_status":"open","sticky":false,"template":"","format":"standard","meta":[],"categories":[16,73],"tags":[437,137,642],"_links":{"self":[{"href":"https:\/\/wpd.ugr.es\/~filolab\/wordpress\/wp-json\/wp\/v2\/posts\/2155"}],"collection":[{"href":"https:\/\/wpd.ugr.es\/~filolab\/wordpress\/wp-json\/wp\/v2\/posts"}],"about":[{"href":"https:\/\/wpd.ugr.es\/~filolab\/wordpress\/wp-json\/wp\/v2\/types\/post"}],"author":[{"embeddable":true,"href":"https:\/\/wpd.ugr.es\/~filolab\/wordpress\/wp-json\/wp\/v2\/users\/1"}],"replies":[{"embeddable":true,"href":"https:\/\/wpd.ugr.es\/~filolab\/wordpress\/wp-json\/wp\/v2\/comments?post=2155"}],"version-history":[{"count":3,"href":"https:\/\/wpd.ugr.es\/~filolab\/wordpress\/wp-json\/wp\/v2\/posts\/2155\/revisions"}],"predecessor-version":[{"id":3005,"href":"https:\/\/wpd.ugr.es\/~filolab\/wordpress\/wp-json\/wp\/v2\/posts\/2155\/revisions\/3005"}],"wp:featuredmedia":[{"embeddable":true,"href":"https:\/\/wpd.ugr.es\/~filolab\/wordpress\/wp-json\/wp\/v2\/media\/2156"}],"wp:attachment":[{"href":"https:\/\/wpd.ugr.es\/~filolab\/wordpress\/wp-json\/wp\/v2\/media?parent=2155"}],"wp:term":[{"taxonomy":"category","embeddable":true,"href":"https:\/\/wpd.ugr.es\/~filolab\/wordpress\/wp-json\/wp\/v2\/categories?post=2155"},{"taxonomy":"post_tag","embeddable":true,"href":"https:\/\/wpd.ugr.es\/~filolab\/wordpress\/wp-json\/wp\/v2\/tags?post=2155"}],"curies":[{"name":"wp","href":"https:\/\/api.w.org\/{rel}","templated":true}]}}