{"id":4088,"date":"2021-10-01T11:14:09","date_gmt":"2021-10-01T09:14:09","guid":{"rendered":"http:\/\/wpd.ugr.es\/~filolab\/wordpress\/?p=4088"},"modified":"2021-10-01T11:14:14","modified_gmt":"2021-10-01T09:14:14","slug":"seminario-la-idea-de-principio-en-leibniz","status":"publish","type":"post","link":"https:\/\/wpd.ugr.es\/~filolab\/wordpress\/2021\/10\/01\/seminario-la-idea-de-principio-en-leibniz\/","title":{"rendered":"Seminario: \u00abLa idea de principio en Leibniz\u00bb"},"content":{"rendered":"<p>Nuestros compa\u00f1eros de FiloLab <a href=\"http:\/\/wpd.ugr.es\/~filolab\/wordpress\/quienes-somos-nueva\/investigadores-asociados\/jose-luis-moreno-pestana\/\">Jos\u00e9 Luis Moreno Pesta\u00f1a<\/a> y <a href=\"http:\/\/wpd.ugr.es\/~filolab\/wordpress\/quienes-somos-nueva\/investigadores-garantes-91\/juan-a-nicolas-marin\/\">Juan A. Nicol\u00e1s<\/a>, participar\u00e1n en el seminario organizado por la Fundaci\u00f3n Ortega y Gasset que lleva por t\u00edtulo \u00abLa idea de principio en Leibniz\u00bb. El seminario, coordinado por Jaime de Salas (FOM) y Javier Echeverr\u00eda JAkiude), tendr\u00e1 lugar en Madrid, en la sede de la Fundaci\u00f3n Ortega\/Mara\u00f1\u00f3n.<\/p>\n<p>En \u00e9l participar\u00e1n tambi\u00e9n Pedro Cerezo Gal\u00e1n (UGR), Concha Rold\u00e1n (IFS &#8211; CSIC), Domingo Hern\u00e1ndez S\u00e1nchez (USAL), Mary Sol de Mora (UPV\/ EHU), Francisco J. Fern\u00e1ndez (IES Nuestra Se\u00f1ora de la Cabeza de And\u00fajar), Juana S\u00e1nchez-Gey (UAM), Mari Carmen Paredes (USAL), Astrid Wagner (IFS &#8211; CSIC), V\u00edctor G\u00f3mez Pin (UAB) y Alfredo Marcos (UVa).<\/p>\n<p>El seminario podr\u00e1 seguirse <a href=\"https:\/\/www.youtube.com\/watch?v=fWG-vzs9wUE\">aqu\u00ed<\/a> en directo.<\/p>\n<p><img loading=\"lazy\" class=\" wp-image-4089 aligncenter\" src=\"http:\/\/wpd.ugr.es\/~filolab\/wordpress\/wp-content\/uploads\/2021\/10\/Ortega-Leibniz-300x169.png\" alt=\"\" width=\"745\" height=\"420\" srcset=\"https:\/\/wpd.ugr.es\/~filolab\/wordpress\/wp-content\/uploads\/2021\/10\/Ortega-Leibniz-300x169.png 300w, https:\/\/wpd.ugr.es\/~filolab\/wordpress\/wp-content\/uploads\/2021\/10\/Ortega-Leibniz-1024x576.png 1024w, https:\/\/wpd.ugr.es\/~filolab\/wordpress\/wp-content\/uploads\/2021\/10\/Ortega-Leibniz-768x432.png 768w, https:\/\/wpd.ugr.es\/~filolab\/wordpress\/wp-content\/uploads\/2021\/10\/Ortega-Leibniz.png 1200w\" sizes=\"(max-width: 745px) 100vw, 745px\" \/><\/p>\n<!-- AddThis Advanced Settings generic via filter on the_content --><!-- AddThis Share Buttons generic via filter on the_content -->","protected":false},"excerpt":{"rendered":"<p>Nuestros compa\u00f1eros de FiloLab Jos\u00e9 Luis Moreno Pesta\u00f1a y Juan A. Nicol\u00e1s, participar\u00e1n en el seminario organizado por la Fundaci\u00f3n Ortega y Gasset que lleva por t\u00edtulo \u00abLa idea de principio en Leibniz\u00bb. El seminario, coordinado por Jaime de Salas (FOM) y Javier Echeverr\u00eda JAkiude), tendr\u00e1 lugar en Madrid, en la sede de la Fundaci\u00f3n [&hellip;]<!-- AddThis Advanced Settings generic via filter on get_the_excerpt --><!-- AddThis Share Buttons generic via filter on get_the_excerpt --><\/p>\n","protected":false},"author":1,"featured_media":4089,"comment_status":"open","ping_status":"open","sticky":false,"template":"","format":"standard","meta":[],"categories":[1239,73],"tags":[2002,1790,143,1762,753],"_links":{"self":[{"href":"https:\/\/wpd.ugr.es\/~filolab\/wordpress\/wp-json\/wp\/v2\/posts\/4088"}],"collection":[{"href":"https:\/\/wpd.ugr.es\/~filolab\/wordpress\/wp-json\/wp\/v2\/posts"}],"about":[{"href":"https:\/\/wpd.ugr.es\/~filolab\/wordpress\/wp-json\/wp\/v2\/types\/post"}],"author":[{"embeddable":true,"href":"https:\/\/wpd.ugr.es\/~filolab\/wordpress\/wp-json\/wp\/v2\/users\/1"}],"replies":[{"embeddable":true,"href":"https:\/\/wpd.ugr.es\/~filolab\/wordpress\/wp-json\/wp\/v2\/comments?post=4088"}],"version-history":[{"count":2,"href":"https:\/\/wpd.ugr.es\/~filolab\/wordpress\/wp-json\/wp\/v2\/posts\/4088\/revisions"}],"predecessor-version":[{"id":4091,"href":"https:\/\/wpd.ugr.es\/~filolab\/wordpress\/wp-json\/wp\/v2\/posts\/4088\/revisions\/4091"}],"wp:featuredmedia":[{"embeddable":true,"href":"https:\/\/wpd.ugr.es\/~filolab\/wordpress\/wp-json\/wp\/v2\/media\/4089"}],"wp:attachment":[{"href":"https:\/\/wpd.ugr.es\/~filolab\/wordpress\/wp-json\/wp\/v2\/media?parent=4088"}],"wp:term":[{"taxonomy":"category","embeddable":true,"href":"https:\/\/wpd.ugr.es\/~filolab\/wordpress\/wp-json\/wp\/v2\/categories?post=4088"},{"taxonomy":"post_tag","embeddable":true,"href":"https:\/\/wpd.ugr.es\/~filolab\/wordpress\/wp-json\/wp\/v2\/tags?post=4088"}],"curies":[{"name":"wp","href":"https:\/\/api.w.org\/{rel}","templated":true}]}}