{"id":4120,"date":"2021-10-07T07:34:45","date_gmt":"2021-10-07T05:34:45","guid":{"rendered":"https:\/\/wpd.ugr.es\/~filolab\/wordpress\/?p=4120"},"modified":"2021-10-07T07:42:18","modified_gmt":"2021-10-07T05:42:18","slug":"sacando-pecho-narrando-la-vida","status":"publish","type":"post","link":"https:\/\/wpd.ugr.es\/~filolab\/wordpress\/2021\/10\/07\/sacando-pecho-narrando-la-vida\/","title":{"rendered":"\u00abSacando pecho: narrando la vida\u00bb"},"content":{"rendered":"<p><a href=\"http:\/\/wpd.ugr.es\/~filolab\/wordpress\/quienes-somos-nueva\/investigadores-asociados\/ester-masso-guijarro\/\">Ester Mass\u00f3 Guijarro<\/a>, investigadora de FiloLab, ha publicado recientemente el cap\u00edtulo \u00abSacando pecho: narrando la vida\u00bb en Serena Brigidi y Coral Cuadra (eds.)\u00a0<em><a href=\"http:\/\/publicacions.urv.cat\/llibres-digitals\/antropologia-medica\/15-cataleg\/antropologia-medica\/924-maternidades,-experiencias-y-narraciones\">Maternidades, experiencias y narraciones. Una mirada a trav\u00e9s de los campos de saberes<\/a>. <\/em>Tarragona: Editorial Oublicacions URV, Antropolog\u00eda M\u00e8dica: 39-64. Publicacions URV se encuentra entre las editoriales con m\u00e1s prestigio en el \u00e1mbito de la antropolog\u00eda. La\u00a0<a href=\"http:\/\/www.publicacions.urv.cat\/llibres-digitals\/antropologia-medica\">colecci\u00f3n Antropolog\u00eda M\u00e9dica<\/a> ya cuenta con 26 t\u00edtulos al alcance del p\u00fablico y es fruto del trabajo de Publicacions URV, el Departamento de Antropolog\u00eda, Filosof\u00eda y Trabajo Social y el Centro de Investigaci\u00f3n en Antropolog\u00eda M\u00e9dica (MARC).<\/p>\n<p><span style=\"font-family: Liberation Serif, serif;\"><span style=\"font-size: medium;\">\u00abEste libro es un ejercicio de libertad. La libertad de explorar de forma \u00edntima, sincera y profunda nuestras <i>herstories<\/i>. Estas narraciones vivenciales y profesionales sirven para mostrar, contar, o llevar al espacio p\u00fablico lo obviado. Uno de los factores comunes del volumen ha sido el colocar el cuerpo y las emociones en el centro de la argumentaci\u00f3n y combinar la experiencia vivida con la pr\u00e1ctica cl\u00ednica y acad\u00e9mica. Es, en definitiva, un di\u00e1logo entre distintos saberes que plantea la maternidad como un fen\u00f3meno no reducido a la biolog\u00eda, sino complejo y plural.<\/span><\/span><\/p>\n<p><span style=\"font-family: Liberation Serif, serif;\"><span style=\"font-size: medium;\">En este libro, Ester Mass\u00f3 Guijarro escribe \u00abSacando pecho: narrando la vida\u00bb, una autoetnograf\u00eda compuesta de textos pasados y reflexiones actuales sobre su vida lactante. En ella la autora describe con pasi\u00f3n y originalidad narrativa los \u00faltimos diez a\u00f1os de su vida, a trav\u00e9s de la encarnaci\u00f3n de la lactancia materna. Emergen contradicciones y placeres; el duelo y los deseos argumentados y soportados siempre de referencias cient\u00edficas y reflexi\u00f3n cr\u00edtica. El relato acaba con una declaraci\u00f3n sobre la lactancia materna como una \u00abopci\u00f3n epistemol\u00f3gica, moral, \u00e9tica o po\u00e9tica si se quiere, sobre c\u00f3mo vivir, c\u00f3mo cuidar, c\u00f3mo maternar, c\u00f3mo amamantar.\u00bb<\/span><\/span><\/p>\n<div><\/div>\n<div><img loading=\"lazy\" class=\" wp-image-4121 aligncenter\" src=\"http:\/\/wpd.ugr.es\/~filolab\/wordpress\/wp-content\/uploads\/2021\/10\/PORTADA-211x300.jpg\" alt=\"\" width=\"286\" height=\"407\" srcset=\"https:\/\/wpd.ugr.es\/~filolab\/wordpress\/wp-content\/uploads\/2021\/10\/PORTADA-211x300.jpg 211w, https:\/\/wpd.ugr.es\/~filolab\/wordpress\/wp-content\/uploads\/2021\/10\/PORTADA-722x1024.jpg 722w, https:\/\/wpd.ugr.es\/~filolab\/wordpress\/wp-content\/uploads\/2021\/10\/PORTADA-768x1090.jpg 768w, https:\/\/wpd.ugr.es\/~filolab\/wordpress\/wp-content\/uploads\/2021\/10\/PORTADA.jpg 900w\" sizes=\"(max-width: 286px) 100vw, 286px\" \/><\/div>\n<p>En este <a href=\"http:\/\/llibres.urv.cat\/index.php\/purv\/catalog\/view\/479\/497\/1112-1\">enlace<\/a> puede accederse al cap\u00edtulo y al libro en descarga libre.<\/p>\n<!-- AddThis Advanced Settings generic via filter on the_content --><!-- AddThis Share Buttons generic via filter on the_content -->","protected":false},"excerpt":{"rendered":"<p>Ester Mass\u00f3 Guijarro, investigadora de FiloLab, ha publicado recientemente el cap\u00edtulo \u00abSacando pecho: narrando la vida\u00bb en Serena Brigidi y Coral Cuadra (eds.)\u00a0Maternidades, experiencias y narraciones. Una mirada a trav\u00e9s de los campos de saberes. Tarragona: Editorial Oublicacions URV, Antropolog\u00eda M\u00e8dica: 39-64. Publicacions URV se encuentra entre las editoriales con m\u00e1s prestigio en el \u00e1mbito [&hellip;]<!-- AddThis Advanced Settings generic via filter on get_the_excerpt --><!-- AddThis Share Buttons generic via filter on get_the_excerpt --><\/p>\n","protected":false},"author":1,"featured_media":4121,"comment_status":"open","ping_status":"open","sticky":false,"template":"","format":"standard","meta":[],"categories":[21],"tags":[2028,2034,220,2024,2026,2032,2030],"_links":{"self":[{"href":"https:\/\/wpd.ugr.es\/~filolab\/wordpress\/wp-json\/wp\/v2\/posts\/4120"}],"collection":[{"href":"https:\/\/wpd.ugr.es\/~filolab\/wordpress\/wp-json\/wp\/v2\/posts"}],"about":[{"href":"https:\/\/wpd.ugr.es\/~filolab\/wordpress\/wp-json\/wp\/v2\/types\/post"}],"author":[{"embeddable":true,"href":"https:\/\/wpd.ugr.es\/~filolab\/wordpress\/wp-json\/wp\/v2\/users\/1"}],"replies":[{"embeddable":true,"href":"https:\/\/wpd.ugr.es\/~filolab\/wordpress\/wp-json\/wp\/v2\/comments?post=4120"}],"version-history":[{"count":3,"href":"https:\/\/wpd.ugr.es\/~filolab\/wordpress\/wp-json\/wp\/v2\/posts\/4120\/revisions"}],"predecessor-version":[{"id":4126,"href":"https:\/\/wpd.ugr.es\/~filolab\/wordpress\/wp-json\/wp\/v2\/posts\/4120\/revisions\/4126"}],"wp:featuredmedia":[{"embeddable":true,"href":"https:\/\/wpd.ugr.es\/~filolab\/wordpress\/wp-json\/wp\/v2\/media\/4121"}],"wp:attachment":[{"href":"https:\/\/wpd.ugr.es\/~filolab\/wordpress\/wp-json\/wp\/v2\/media?parent=4120"}],"wp:term":[{"taxonomy":"category","embeddable":true,"href":"https:\/\/wpd.ugr.es\/~filolab\/wordpress\/wp-json\/wp\/v2\/categories?post=4120"},{"taxonomy":"post_tag","embeddable":true,"href":"https:\/\/wpd.ugr.es\/~filolab\/wordpress\/wp-json\/wp\/v2\/tags?post=4120"}],"curies":[{"name":"wp","href":"https:\/\/api.w.org\/{rel}","templated":true}]}}