{"id":4168,"date":"2021-10-14T10:28:53","date_gmt":"2021-10-14T08:28:53","guid":{"rendered":"http:\/\/wpd.ugr.es\/~filolab\/wordpress\/?p=4168"},"modified":"2021-10-14T10:28:53","modified_gmt":"2021-10-14T08:28:53","slug":"guia-basica-sobre-gordofobia","status":"publish","type":"post","link":"https:\/\/wpd.ugr.es\/~filolab\/wordpress\/2021\/10\/14\/guia-basica-sobre-gordofobia\/","title":{"rendered":"\u00abGu\u00eda B\u00e1sica sobre Gordofobia\u00bb"},"content":{"rendered":"<p>La \u00abGU\u00cdA B\u00c1SICA SOBRE LA GORDOFOBIA\u00bb es fruto de las \u201cI Jornadas sobre Gordofobia y Violencia Est\u00e9tica contra las Mujeres\u201d (2020).\u00a0 En ella participa nuestro investigador de FiloLab<a href=\"http:\/\/wpd.ugr.es\/~filolab\/wordpress\/quienes-somos-nueva\/investigadores-asociados\/jose-luis-moreno-pestana\/\"> Jos\u00e9 Luis Moreno Pesta\u00f1a<\/a> , co-autor del informe sobre \u00ab<a href=\"https:\/\/andalucia.ccoo.es\/18e73d840d8fcf36d7fa4b3e51641c61000057.pdf\">Discriminaci\u00f3n corporal en el trabajo<\/a>\u00bb (CCOO, 2020). Moreno Pesta\u00f1a tambi\u00e9n intervino durante el pasado mes de mayo en\u00a0 las <a href=\"https:\/\/jornadasgordofobiayviolenciaestetica.com\/programacion\/\">II Jornadas Internacionales sobre gordofobia y violencia est\u00e9tica contra las mujeres.<\/a><\/p>\n<p>\u00abEn la GU\u00cdA B\u00c1SICA SOBRE GORDOFOBIA encontrar\u00e1s una introducci\u00f3n a los conceptos de gordofobia y violencia est\u00e9tica, as\u00ed como sus espacios de incidencia, posibilidades de actuaci\u00f3n frente a ellas, herramientas de trabajo y perfiles recomendados.<\/p>\n<p>Esta GU\u00cdA forma parte del Proyecto \u201cI Jornadas sobre Gordofobia y Violencia Est\u00e9tica contra las Mujeres\u201d, unas jornadas que se prepararon con suma conciencia y rigurosidad te\u00f3rico-feminista.<\/p>\n<p>Del 7 al 9 de octubre del 2020, comenzamos dar respuesta a tantas preguntas que hab\u00edan surgido, producto de la expectaci\u00f3n creada. Preguntas que hab\u00edan suscitado un revuelo notorio en las redes sociales, se\u00f1al inequ\u00edvoca de la necesidad existente de hablar entre nosotras de gordofobia y de violencia est\u00e9tica. Una violencia que hemos sufrido y sufrimos la totalidad de las mujeres que habitan este planeta. Cada una en su medida, cada una a su manera; adem\u00e1s, el propio sistema, \u00e1vido enemigo de nuestras libertades y bienestar, se encarga de que lo vivamos en silencio, ahogadas, sin compartirlo con quienes nos rodean\u00bb.<\/p>\n<p>Puedes descargar la gu\u00eda <a href=\"https:\/\/www.gobiernodecanarias.org\/cmsgobcan\/export\/sites\/icigualdad\/_galerias\/ici_documentos\/documentacion\/260521Guia-gordofobia-web1x1.pdf\">aqu\u00ed<\/a>.<\/p>\n<p><img loading=\"lazy\" class=\" wp-image-4169 aligncenter\" src=\"http:\/\/wpd.ugr.es\/~filolab\/wordpress\/wp-content\/uploads\/2021\/10\/Gordofobia-300x238.png\" alt=\"\" width=\"554\" height=\"439\" srcset=\"https:\/\/wpd.ugr.es\/~filolab\/wordpress\/wp-content\/uploads\/2021\/10\/Gordofobia-300x238.png 300w, https:\/\/wpd.ugr.es\/~filolab\/wordpress\/wp-content\/uploads\/2021\/10\/Gordofobia-768x608.png 768w, https:\/\/wpd.ugr.es\/~filolab\/wordpress\/wp-content\/uploads\/2021\/10\/Gordofobia.png 970w\" sizes=\"(max-width: 554px) 100vw, 554px\" \/><\/p>\n<!-- AddThis Advanced Settings generic via filter on the_content --><!-- AddThis Share Buttons generic via filter on the_content -->","protected":false},"excerpt":{"rendered":"<p>La \u00abGU\u00cdA B\u00c1SICA SOBRE LA GORDOFOBIA\u00bb es fruto de las \u201cI Jornadas sobre Gordofobia y Violencia Est\u00e9tica contra las Mujeres\u201d (2020).\u00a0 En ella participa nuestro investigador de FiloLab Jos\u00e9 Luis Moreno Pesta\u00f1a , co-autor del informe sobre \u00abDiscriminaci\u00f3n corporal en el trabajo\u00bb (CCOO, 2020). Moreno Pesta\u00f1a tambi\u00e9n intervino durante el pasado mes de mayo en\u00a0 [&hellip;]<!-- AddThis Advanced Settings generic via filter on get_the_excerpt --><!-- AddThis Share Buttons generic via filter on get_the_excerpt --><\/p>\n","protected":false},"author":1,"featured_media":4169,"comment_status":"open","ping_status":"open","sticky":false,"template":"","format":"standard","meta":[],"categories":[21,1162],"tags":[1514,667,476,1512,2052,2054,1196],"_links":{"self":[{"href":"https:\/\/wpd.ugr.es\/~filolab\/wordpress\/wp-json\/wp\/v2\/posts\/4168"}],"collection":[{"href":"https:\/\/wpd.ugr.es\/~filolab\/wordpress\/wp-json\/wp\/v2\/posts"}],"about":[{"href":"https:\/\/wpd.ugr.es\/~filolab\/wordpress\/wp-json\/wp\/v2\/types\/post"}],"author":[{"embeddable":true,"href":"https:\/\/wpd.ugr.es\/~filolab\/wordpress\/wp-json\/wp\/v2\/users\/1"}],"replies":[{"embeddable":true,"href":"https:\/\/wpd.ugr.es\/~filolab\/wordpress\/wp-json\/wp\/v2\/comments?post=4168"}],"version-history":[{"count":2,"href":"https:\/\/wpd.ugr.es\/~filolab\/wordpress\/wp-json\/wp\/v2\/posts\/4168\/revisions"}],"predecessor-version":[{"id":4171,"href":"https:\/\/wpd.ugr.es\/~filolab\/wordpress\/wp-json\/wp\/v2\/posts\/4168\/revisions\/4171"}],"wp:featuredmedia":[{"embeddable":true,"href":"https:\/\/wpd.ugr.es\/~filolab\/wordpress\/wp-json\/wp\/v2\/media\/4169"}],"wp:attachment":[{"href":"https:\/\/wpd.ugr.es\/~filolab\/wordpress\/wp-json\/wp\/v2\/media?parent=4168"}],"wp:term":[{"taxonomy":"category","embeddable":true,"href":"https:\/\/wpd.ugr.es\/~filolab\/wordpress\/wp-json\/wp\/v2\/categories?post=4168"},{"taxonomy":"post_tag","embeddable":true,"href":"https:\/\/wpd.ugr.es\/~filolab\/wordpress\/wp-json\/wp\/v2\/tags?post=4168"}],"curies":[{"name":"wp","href":"https:\/\/api.w.org\/{rel}","templated":true}]}}