{"id":4172,"date":"2021-10-21T09:13:15","date_gmt":"2021-10-21T07:13:15","guid":{"rendered":"http:\/\/wpd.ugr.es\/~filolab\/wordpress\/?p=4172"},"modified":"2021-10-21T09:59:36","modified_gmt":"2021-10-21T07:59:36","slug":"infancia-y-pandemia-re-produccion-del-comun-en-la-infancia-o-descolonizando-la-ninez","status":"publish","type":"post","link":"https:\/\/wpd.ugr.es\/~filolab\/wordpress\/2021\/10\/21\/infancia-y-pandemia-re-produccion-del-comun-en-la-infancia-o-descolonizando-la-ninez\/","title":{"rendered":"\u201cInfancia y pandemia: (re) producci\u00f3n del com\u00fan en la infancia,  o descolonizando la ni\u00f1ez\u201d"},"content":{"rendered":"<p align=\"justify\">La investigadora <a href=\"http:\/\/wpd.ugr.es\/~filolab\/wordpress\/quienes-somos-nueva\/investigadores-asociados\/ester-masso-guijarro\/\">Ester Mass\u00f3 Guijarro<\/a> contribuy\u00f3 con la ponencia virtual \u201cInfancia y pandemia: (re) producci\u00f3n del com\u00fan en la infancia, o descolonizando la ni\u00f1ez\u201d, en la Plaza Feminista (\u201cReproducci\u00f3n de la vida\u201d) del I Congreso Internacional sobre Democracia Comunal, celebrado en Hernani del 13 a 16 de octubre de 2021 (en formato h\u00edbrido). Con este aporte, Mass\u00f3 contin\u00faa ahondando en la investigaci\u00f3n sobre las infancias desde una perspectiva cr\u00edtica, feminista y decolonial, empleando la \u00f3ptica de la injusticia epist\u00e9mica para comprender formas de exclusi\u00f3n y discriminaci\u00f3n ancestrales y que se visibilizaron de forma singular con el advenimiento de la pandemia. En <span style=\"color: #0000ff;\"><u><a href=\"http:\/\/revistas.unla.edu.ar\/saludcolectiva\/article\/download\/3303\/1732\/12100\">publicaciones previas<\/a><\/u><\/span> Mass\u00f3 ha divulgado parte de este <span style=\"color: #0000ff;\"><u><a href=\"https:\/\/www.elsaltodiario.com\/autor\/ester-masso-guijarro\">trabajo en curso<\/a><\/u><\/span>, que cobra una especial significaci\u00f3n en su pertenencia a la red <span style=\"color: #0000ff;\"><u><a href=\"https:\/\/espacyoscom.weebly.com\/\">ESPACyOS,<\/a><\/u><\/span> creada con motivo de la pandemia.<\/p>\n<p align=\"justify\"><img loading=\"lazy\" class=\"alignnone  wp-image-4173\" src=\"http:\/\/wpd.ugr.es\/~filolab\/wordpress\/wp-content\/uploads\/2021\/10\/Ester-Demo-212x300.jpg\" alt=\"\" width=\"399\" height=\"565\"><\/p>\n<p align=\"justify\">\n<p align=\"justify\">Enlace de la web del congreso: <a href=\"https:\/\/demokraziakomunala.wordpress.com\/\">https:\/\/demokraziakomunala.wordpress.com\/<\/a><\/p>\n<!-- AddThis Advanced Settings generic via filter on the_content --><!-- AddThis Share Buttons generic via filter on the_content -->","protected":false},"excerpt":{"rendered":"<p>La investigadora Ester Mass\u00f3 Guijarro contribuy\u00f3 con la ponencia virtual \u201cInfancia y pandemia: (re) producci\u00f3n del com\u00fan en la infancia, o descolonizando la ni\u00f1ez\u201d, en la Plaza Feminista (\u201cReproducci\u00f3n de la vida\u201d) del I Congreso Internacional sobre Democracia Comunal, celebrado en Hernani del 13 a 16 de octubre de 2021 (en formato h\u00edbrido). Con este [&hellip;]<!-- AddThis Advanced Settings generic via filter on get_the_excerpt --><!-- AddThis Share Buttons generic via filter on get_the_excerpt --><\/p>\n","protected":false},"author":1,"featured_media":4173,"comment_status":"open","ping_status":"open","sticky":false,"template":"","format":"standard","meta":[],"categories":[1239,937,25],"tags":[2058,2056,2034,1209,79,1211],"_links":{"self":[{"href":"https:\/\/wpd.ugr.es\/~filolab\/wordpress\/wp-json\/wp\/v2\/posts\/4172"}],"collection":[{"href":"https:\/\/wpd.ugr.es\/~filolab\/wordpress\/wp-json\/wp\/v2\/posts"}],"about":[{"href":"https:\/\/wpd.ugr.es\/~filolab\/wordpress\/wp-json\/wp\/v2\/types\/post"}],"author":[{"embeddable":true,"href":"https:\/\/wpd.ugr.es\/~filolab\/wordpress\/wp-json\/wp\/v2\/users\/1"}],"replies":[{"embeddable":true,"href":"https:\/\/wpd.ugr.es\/~filolab\/wordpress\/wp-json\/wp\/v2\/comments?post=4172"}],"version-history":[{"count":3,"href":"https:\/\/wpd.ugr.es\/~filolab\/wordpress\/wp-json\/wp\/v2\/posts\/4172\/revisions"}],"predecessor-version":[{"id":4184,"href":"https:\/\/wpd.ugr.es\/~filolab\/wordpress\/wp-json\/wp\/v2\/posts\/4172\/revisions\/4184"}],"wp:featuredmedia":[{"embeddable":true,"href":"https:\/\/wpd.ugr.es\/~filolab\/wordpress\/wp-json\/wp\/v2\/media\/4173"}],"wp:attachment":[{"href":"https:\/\/wpd.ugr.es\/~filolab\/wordpress\/wp-json\/wp\/v2\/media?parent=4172"}],"wp:term":[{"taxonomy":"category","embeddable":true,"href":"https:\/\/wpd.ugr.es\/~filolab\/wordpress\/wp-json\/wp\/v2\/categories?post=4172"},{"taxonomy":"post_tag","embeddable":true,"href":"https:\/\/wpd.ugr.es\/~filolab\/wordpress\/wp-json\/wp\/v2\/tags?post=4172"}],"curies":[{"name":"wp","href":"https:\/\/api.w.org\/{rel}","templated":true}]}}