{"id":4212,"date":"2021-11-09T10:52:13","date_gmt":"2021-11-09T09:52:13","guid":{"rendered":"http:\/\/wpd.ugr.es\/~filolab\/wordpress\/?p=4212"},"modified":"2021-11-12T10:53:03","modified_gmt":"2021-11-12T09:53:03","slug":"nueva-edicion-de-la-transformacion-de-la-filosofia-en-editorial-ugr","status":"publish","type":"post","link":"https:\/\/wpd.ugr.es\/~filolab\/wordpress\/2021\/11\/09\/nueva-edicion-de-la-transformacion-de-la-filosofia-en-editorial-ugr\/","title":{"rendered":"Nueva edici\u00f3n de \u00abLa transformaci\u00f3n de la filosof\u00eda\u00bb de Louis Althusser en Editorial UGR"},"content":{"rendered":"<p>Nuestro compa\u00f1ero<a href=\"http:\/\/wpd.ugr.es\/~filolab\/wordpress\/quienes-somos-nueva\/investigadores-asociados\/jose-luis-moreno-pestana\/\"> Jos\u00e9 Luis Moreno Pesta\u00f1a<\/a> ha realizado una rigurosa y cuidada edici\u00f3n de la c\u00e9lebre \u00abConferencia de Granada\u00bb que Louis Althusser imparti\u00f3 en la UGR en 1976. Althusser, uno de los pensadores marxistas m\u00e1s importantes del siglo XX, cambi\u00f3 el rumbo de sus investigaciones a mediados de la d\u00e9cada de 1970, abandonando antiguas posiciones \u00abestructuralistas\u00bb para sumergirse en un terreno filos\u00f3fico todav\u00eda inexplorado. Una epistemolog\u00eda pol\u00edtica del conocimiento y la filosof\u00eda. Los primeros resultados de su nueva andadura vieron luz p\u00fablica por vez primera en \u00abLa transformaci\u00f3n de la filosof\u00eda\u00bb.<\/p>\n<div class=\"cuerpo_descripcion\">\n<div class=\"detalles_textuales\">\n<div class=\"detalles_resumen\">\n<p class=\"cuerpo_resumen\">\u00abLa conferencia La transformaci\u00f3n de la filosof\u00eda fue un acontecimiento en la trayectoria del fil\u00f3sofo Louis Althusser pero tambi\u00e9n impact\u00f3 en la rica vida pol\u00edtica y cultural de la Granada donde se pronunci\u00f3, en 1976. Esta edici\u00f3n revisada de la primera traducci\u00f3n de Juan Manuel Azpitarte y Juan Carlos Rodr\u00edguez, publicada en su d\u00eda por el Servicio de Publicaciones de la UGR, se realiza con los materiales originales del fil\u00f3sofo depositados en el IMEC. El libro cuenta con un exhaustivo estudio introductorio de Jos\u00e9 Luis Moreno Pesta\u00f1a. En este se traslada la potencia filos\u00f3fica del tejido con el que se construy\u00f3 el texto. Un tejido que a\u00fan proporciona lecciones para nuestro presente. Los archivos de Louis Althusser (1918-1990) han sido confiados al Institut M\u00e9moires de l\u2019\u00e9dition contemporaine (IMEC) en 1991. Contienen la mayor parte de los textos te\u00f3ricos del autor, de los cursos, notas y documentos de trabajo y textos autobiogr\u00e1ficos como el de L\u2019Avenir dure longtemps (Stock\/IMEC, 1992). Este fondo de archivos conserva tambi\u00e9n una importante correspondencia profesional y personal as\u00ed como elementos autobiogr\u00e1ficos, grabaciones de audio de los seminarios e iconograf\u00eda. La biblioteca personal del fil\u00f3sofo ha sido inventariada y puede consultarse en la sala de lectura de la Abad\u00eda de Ardenne. https:\/\/www.imec-archives.com\/ La EUG agradece al IMEC y a Fran\u00e7ois Boddaert, legatario de Louis Althusser, su ayuda para la realizaci\u00f3n de esta edici\u00f3n\u00bb.<\/p>\n<p>Puede accederse a la obra en la p\u00e1gina de la Editorial UGR <a href=\"https:\/\/editorial.ugr.es\/static\/Emanagement\/*\/detalle_libro\/la-transformacion-de-la-filosofia\">aqu\u00ed<\/a>.<\/p>\n<p><img loading=\"lazy\" class=\" wp-image-4213 aligncenter\" src=\"http:\/\/wpd.ugr.es\/~filolab\/wordpress\/wp-content\/uploads\/2021\/11\/Althusser-300x231.png\" alt=\"\" width=\"500\" height=\"385\" srcset=\"https:\/\/wpd.ugr.es\/~filolab\/wordpress\/wp-content\/uploads\/2021\/11\/Althusser-300x231.png 300w, https:\/\/wpd.ugr.es\/~filolab\/wordpress\/wp-content\/uploads\/2021\/11\/Althusser.png 639w\" sizes=\"(max-width: 500px) 100vw, 500px\" \/><\/p>\n<\/div>\n<\/div>\n<\/div>\n<!-- AddThis Advanced Settings generic via filter on the_content --><!-- AddThis Share Buttons generic via filter on the_content -->","protected":false},"excerpt":{"rendered":"<p>Nuestro compa\u00f1ero Jos\u00e9 Luis Moreno Pesta\u00f1a ha realizado una rigurosa y cuidada edici\u00f3n de la c\u00e9lebre \u00abConferencia de Granada\u00bb que Louis Althusser imparti\u00f3 en la UGR en 1976. Althusser, uno de los pensadores marxistas m\u00e1s importantes del siglo XX, cambi\u00f3 el rumbo de sus investigaciones a mediados de la d\u00e9cada de 1970, abandonando antiguas posiciones [&hellip;]<!-- AddThis Advanced Settings generic via filter on get_the_excerpt --><!-- AddThis Share Buttons generic via filter on get_the_excerpt --><\/p>\n","protected":false},"author":1,"featured_media":4213,"comment_status":"open","ping_status":"open","sticky":false,"template":"","format":"standard","meta":[],"categories":[16],"tags":[2116,59,299,143,2120,2114,2118,1365],"_links":{"self":[{"href":"https:\/\/wpd.ugr.es\/~filolab\/wordpress\/wp-json\/wp\/v2\/posts\/4212"}],"collection":[{"href":"https:\/\/wpd.ugr.es\/~filolab\/wordpress\/wp-json\/wp\/v2\/posts"}],"about":[{"href":"https:\/\/wpd.ugr.es\/~filolab\/wordpress\/wp-json\/wp\/v2\/types\/post"}],"author":[{"embeddable":true,"href":"https:\/\/wpd.ugr.es\/~filolab\/wordpress\/wp-json\/wp\/v2\/users\/1"}],"replies":[{"embeddable":true,"href":"https:\/\/wpd.ugr.es\/~filolab\/wordpress\/wp-json\/wp\/v2\/comments?post=4212"}],"version-history":[{"count":4,"href":"https:\/\/wpd.ugr.es\/~filolab\/wordpress\/wp-json\/wp\/v2\/posts\/4212\/revisions"}],"predecessor-version":[{"id":4217,"href":"https:\/\/wpd.ugr.es\/~filolab\/wordpress\/wp-json\/wp\/v2\/posts\/4212\/revisions\/4217"}],"wp:featuredmedia":[{"embeddable":true,"href":"https:\/\/wpd.ugr.es\/~filolab\/wordpress\/wp-json\/wp\/v2\/media\/4213"}],"wp:attachment":[{"href":"https:\/\/wpd.ugr.es\/~filolab\/wordpress\/wp-json\/wp\/v2\/media?parent=4212"}],"wp:term":[{"taxonomy":"category","embeddable":true,"href":"https:\/\/wpd.ugr.es\/~filolab\/wordpress\/wp-json\/wp\/v2\/categories?post=4212"},{"taxonomy":"post_tag","embeddable":true,"href":"https:\/\/wpd.ugr.es\/~filolab\/wordpress\/wp-json\/wp\/v2\/tags?post=4212"}],"curies":[{"name":"wp","href":"https:\/\/api.w.org\/{rel}","templated":true}]}}