{"id":4234,"date":"2021-11-23T09:38:30","date_gmt":"2021-11-23T08:38:30","guid":{"rendered":"http:\/\/wpd.ugr.es\/~filolab\/wordpress\/?p=4234"},"modified":"2021-11-23T09:38:30","modified_gmt":"2021-11-23T08:38:30","slug":"nombramiento-del-prof-juan-antonio-nicolas-como-miembro-del-comite-cientifico-de-la-g-w-leibniz-gesellschaft","status":"publish","type":"post","link":"https:\/\/wpd.ugr.es\/~filolab\/wordpress\/2021\/11\/23\/nombramiento-del-prof-juan-antonio-nicolas-como-miembro-del-comite-cientifico-de-la-g-w-leibniz-gesellschaft\/","title":{"rendered":"Nombramiento del Prof. Juan-Antonio Nicol\u00e1s como miembro del comit\u00e9 cient\u00edfico de la G.W. Leibniz-Gesellschaft"},"content":{"rendered":"<p class=\"western\" align=\"justify\">El Profesor <a href=\"http:\/\/wpd.ugr.es\/~filolab\/wordpress\/quienes-somos-nueva\/investigadores-garantes-91\/juan-a-nicolas-marin\/\">Juan-Antonio Nicol\u00e1s<\/a>, Catedr\u00e1tico de Filosof\u00eda de la Universidad de Granada, director de la \u201cC\u00e1tedra Iberoamericana de Filosof\u00eda G.W. Leibniz\u201d y mimebro de FiloLab ha sido elegido como miembro del \u201cComit\u00e9 cient\u00edfico\u201d (\u201cWissenschaftlicher Beirat\u201d) de la \u201cG.W. Leibniz-Gesellschaft\u201d (<span style=\"color: #0563c1;\"><u><a href=\"http:\/\/www.gottfried-wilhelm-leibniz-gesellschaft.de\/\">http:\/\/www.gottfried-wilhelm-leibniz-gesellschaft.de\/<\/a><\/u><\/span>) en la reuni\u00f3n que tuvo lugar el pasado d\u00eda 12 de noviembre en Hannover (Alemania). Es la primera vez en la historia de la Sociedad internacional Leibniz que un investigador espa\u00f1ol es elegido para esta comisi\u00f3n. Fue presentado y avalado por los vicepresidentes de la Sociedad, Prof. Wenchao Li (Frei Universit\u00e4t Berl\u00edn) y Paul Rateau (Universidad Paris-I, Sorbonne). Este nombramiento supone un reconocimiento internacional al trabajo que desde hace a\u00f1os viene haci\u00e9ndose desde la C\u00e1tedra Leibniz de la Universidad de Granada.<\/p>\n<p align=\"justify\"><img loading=\"lazy\" class=\" wp-image-4235 aligncenter\" src=\"http:\/\/wpd.ugr.es\/~filolab\/wordpress\/wp-content\/uploads\/2021\/11\/IMG_Juan-Leibniz-250x300.png\" alt=\"\" width=\"353\" height=\"424\" srcset=\"https:\/\/wpd.ugr.es\/~filolab\/wordpress\/wp-content\/uploads\/2021\/11\/IMG_Juan-Leibniz-250x300.png 250w, https:\/\/wpd.ugr.es\/~filolab\/wordpress\/wp-content\/uploads\/2021\/11\/IMG_Juan-Leibniz.png 313w\" sizes=\"(max-width: 353px) 100vw, 353px\" \/><\/p>\n<!-- AddThis Advanced Settings generic via filter on the_content --><!-- AddThis Share Buttons generic via filter on the_content -->","protected":false},"excerpt":{"rendered":"<p>El Profesor Juan-Antonio Nicol\u00e1s, Catedr\u00e1tico de Filosof\u00eda de la Universidad de Granada, director de la \u201cC\u00e1tedra Iberoamericana de Filosof\u00eda G.W. Leibniz\u201d y mimebro de FiloLab ha sido elegido como miembro del \u201cComit\u00e9 cient\u00edfico\u201d (\u201cWissenschaftlicher Beirat\u201d) de la \u201cG.W. Leibniz-Gesellschaft\u201d (http:\/\/www.gottfried-wilhelm-leibniz-gesellschaft.de\/) en la reuni\u00f3n que tuvo lugar el pasado d\u00eda 12 de noviembre en Hannover (Alemania). [&hellip;]<!-- AddThis Advanced Settings generic via filter on get_the_excerpt --><!-- AddThis Share Buttons generic via filter on get_the_excerpt --><\/p>\n","protected":false},"author":1,"featured_media":4235,"comment_status":"open","ping_status":"open","sticky":false,"template":"","format":"standard","meta":[],"categories":[16,149],"tags":[2138,757,2136,2140,1632],"_links":{"self":[{"href":"https:\/\/wpd.ugr.es\/~filolab\/wordpress\/wp-json\/wp\/v2\/posts\/4234"}],"collection":[{"href":"https:\/\/wpd.ugr.es\/~filolab\/wordpress\/wp-json\/wp\/v2\/posts"}],"about":[{"href":"https:\/\/wpd.ugr.es\/~filolab\/wordpress\/wp-json\/wp\/v2\/types\/post"}],"author":[{"embeddable":true,"href":"https:\/\/wpd.ugr.es\/~filolab\/wordpress\/wp-json\/wp\/v2\/users\/1"}],"replies":[{"embeddable":true,"href":"https:\/\/wpd.ugr.es\/~filolab\/wordpress\/wp-json\/wp\/v2\/comments?post=4234"}],"version-history":[{"count":1,"href":"https:\/\/wpd.ugr.es\/~filolab\/wordpress\/wp-json\/wp\/v2\/posts\/4234\/revisions"}],"predecessor-version":[{"id":4236,"href":"https:\/\/wpd.ugr.es\/~filolab\/wordpress\/wp-json\/wp\/v2\/posts\/4234\/revisions\/4236"}],"wp:featuredmedia":[{"embeddable":true,"href":"https:\/\/wpd.ugr.es\/~filolab\/wordpress\/wp-json\/wp\/v2\/media\/4235"}],"wp:attachment":[{"href":"https:\/\/wpd.ugr.es\/~filolab\/wordpress\/wp-json\/wp\/v2\/media?parent=4234"}],"wp:term":[{"taxonomy":"category","embeddable":true,"href":"https:\/\/wpd.ugr.es\/~filolab\/wordpress\/wp-json\/wp\/v2\/categories?post=4234"},{"taxonomy":"post_tag","embeddable":true,"href":"https:\/\/wpd.ugr.es\/~filolab\/wordpress\/wp-json\/wp\/v2\/tags?post=4234"}],"curies":[{"name":"wp","href":"https:\/\/api.w.org\/{rel}","templated":true}]}}