{"id":4250,"date":"2021-12-03T09:17:57","date_gmt":"2021-12-03T08:17:57","guid":{"rendered":"http:\/\/wpd.ugr.es\/~filolab\/wordpress\/?p=4250"},"modified":"2021-12-09T09:26:04","modified_gmt":"2021-12-09T08:26:04","slug":"progreso-y-polarizacion-politica-alternativas","status":"publish","type":"post","link":"https:\/\/wpd.ugr.es\/~filolab\/wordpress\/2021\/12\/03\/progreso-y-polarizacion-politica-alternativas\/","title":{"rendered":"\u00abProgreso y polarizaci\u00f3n pol\u00edtica: alternativas\u00bb"},"content":{"rendered":"<div id=\"meta\" class=\"style-scope ytd-watch-flexy\">\n<div id=\"meta-contents\" class=\"style-scope ytd-watch-flexy\">\n<div id=\"container\" class=\"style-scope ytd-video-secondary-info-renderer\">\n<div id=\"content\" class=\"style-scope ytd-expander\">\n<div id=\"description\" class=\"style-scope ytd-video-secondary-info-renderer\">\n<p>El d\u00eda 27 de octubre Neftal\u00ed Villanueva Fern\u00e1ndez (FiloLab &#8211; UGR), imparti\u00f3 la Conferencia \u00abProgreso y polarizaci\u00f3n pol\u00edtica: alternativas\u00bb organizada por la C\u00e1tedra Fernando de los R\u00edos en el Sal\u00f3n de Caballeros del Palacio de la Madraza. A lo largo de la conferencia, el fil\u00f3sofo expuso los frutos de sus investigaciones en torno al fen\u00f3meno de la polarizaci\u00f3n de las opiniones y discursos en la esfera p\u00fablica de nuestra sociedad contempor\u00e1nea. La polarizaci\u00f3n no es s\u00f3lo s\u00edntoma de momentos sociales regresivos, sino que tambi\u00e9n puede serlo de cambios cruciales en la estela del progreso que expresan din\u00e1micas rupturistas de fondo. Recomendamos la lectura de sus \u00faltimos trabajos, como <a href=\"http:\/\/wpd.ugr.es\/~filolab\/wordpress\/2021\/07\/12\/whose-words-hurt-contextual-determinants-of-offensive-speech\/\">\u00abWhose Words Hurt? Contextual Determinants of Offensive Speech\u00bb(con Manuel Almagro e Ivar Hannikainen),<\/a>\u00a0<a href=\"http:\/\/wpd.ugr.es\/~filolab\/wordpress\/2021\/07\/26\/por-que-ya-no-se-puede-decir-nada-sin-ofender-aunque-sean-verdades-como-punos\/\">\u00abPor qu\u00e9 ya no se puede decir nada sin ofender (aunque sean verdades como pu\u00f1os)<\/a> (con Manuel Almagro) y <a href=\"http:\/\/wpd.ugr.es\/~filolab\/wordpress\/2021\/09\/08\/exactly-what-do-you-mean\/\">\u00abExactly, what do you mean?\u00bb<\/a> (con Manuel Almagro), todos ellos accesibles en nuestra p\u00e1gina web.<\/p>\n<div>Compartimos el v\u00eddeo completo de la conferencia, recientemente editado, que suscit\u00f3 un interesante debate y acerc\u00f3 al p\u00fablico el estudio de la polarizaci\u00f3n de un modo riguroso y accesible.<\/div>\n<\/div>\n<div><\/div>\n<\/div>\n<div id=\"always-shown\" class=\"style-scope ytd-metadata-row-container-renderer\"><\/div>\n<\/div>\n<\/div>\n<\/div>\n<p><iframe loading=\"lazy\" title=\"YouTube video player\" src=\"https:\/\/www.youtube.com\/embed\/JAIWaD2o3KU\" width=\"560\" height=\"315\" frameborder=\"0\" allowfullscreen=\"allowfullscreen\"><\/iframe><\/p>\n<!-- AddThis Advanced Settings generic via filter on the_content --><!-- AddThis Share Buttons generic via filter on the_content -->","protected":false},"excerpt":{"rendered":"<p>El d\u00eda 27 de octubre Neftal\u00ed Villanueva Fern\u00e1ndez (FiloLab &#8211; UGR), imparti\u00f3 la Conferencia \u00abProgreso y polarizaci\u00f3n pol\u00edtica: alternativas\u00bb organizada por la C\u00e1tedra Fernando de los R\u00edos en el Sal\u00f3n de Caballeros del Palacio de la Madraza. A lo largo de la conferencia, el fil\u00f3sofo expuso los frutos de sus investigaciones en torno al fen\u00f3meno [&hellip;]<!-- AddThis Advanced Settings generic via filter on get_the_excerpt --><!-- AddThis Share Buttons generic via filter on get_the_excerpt --><\/p>\n","protected":false},"author":1,"featured_media":4254,"comment_status":"open","ping_status":"open","sticky":false,"template":"","format":"standard","meta":[],"categories":[16],"tags":[2148,2147,2149,1421,2146],"_links":{"self":[{"href":"https:\/\/wpd.ugr.es\/~filolab\/wordpress\/wp-json\/wp\/v2\/posts\/4250"}],"collection":[{"href":"https:\/\/wpd.ugr.es\/~filolab\/wordpress\/wp-json\/wp\/v2\/posts"}],"about":[{"href":"https:\/\/wpd.ugr.es\/~filolab\/wordpress\/wp-json\/wp\/v2\/types\/post"}],"author":[{"embeddable":true,"href":"https:\/\/wpd.ugr.es\/~filolab\/wordpress\/wp-json\/wp\/v2\/users\/1"}],"replies":[{"embeddable":true,"href":"https:\/\/wpd.ugr.es\/~filolab\/wordpress\/wp-json\/wp\/v2\/comments?post=4250"}],"version-history":[{"count":4,"href":"https:\/\/wpd.ugr.es\/~filolab\/wordpress\/wp-json\/wp\/v2\/posts\/4250\/revisions"}],"predecessor-version":[{"id":4271,"href":"https:\/\/wpd.ugr.es\/~filolab\/wordpress\/wp-json\/wp\/v2\/posts\/4250\/revisions\/4271"}],"wp:featuredmedia":[{"embeddable":true,"href":"https:\/\/wpd.ugr.es\/~filolab\/wordpress\/wp-json\/wp\/v2\/media\/4254"}],"wp:attachment":[{"href":"https:\/\/wpd.ugr.es\/~filolab\/wordpress\/wp-json\/wp\/v2\/media?parent=4250"}],"wp:term":[{"taxonomy":"category","embeddable":true,"href":"https:\/\/wpd.ugr.es\/~filolab\/wordpress\/wp-json\/wp\/v2\/categories?post=4250"},{"taxonomy":"post_tag","embeddable":true,"href":"https:\/\/wpd.ugr.es\/~filolab\/wordpress\/wp-json\/wp\/v2\/tags?post=4250"}],"curies":[{"name":"wp","href":"https:\/\/api.w.org\/{rel}","templated":true}]}}