{"id":4276,"date":"2021-12-13T10:18:13","date_gmt":"2021-12-13T09:18:13","guid":{"rendered":"http:\/\/wpd.ugr.es\/~filolab\/wordpress\/?p=4276"},"modified":"2021-12-13T10:20:45","modified_gmt":"2021-12-13T09:20:45","slug":"eutanasia-psiquiatrica-en-que-consiste-la-controvertida-practica-y-en-que-paises-donde-se-realiza","status":"publish","type":"post","link":"https:\/\/wpd.ugr.es\/~filolab\/wordpress\/2021\/12\/13\/eutanasia-psiquiatrica-en-que-consiste-la-controvertida-practica-y-en-que-paises-donde-se-realiza\/","title":{"rendered":"\u00abEutanasia psiqui\u00e1trica: en qu\u00e9 consiste la controvertida pr\u00e1ctica y en qu\u00e9 pa\u00edses donde se realiza\u00bb"},"content":{"rendered":"<p><a href=\"http:\/\/wpd.ugr.es\/~filolab\/wordpress\/quienes-somos-nueva\/investigadores-garantes-91\/david-rodriguez-arias\/\">David Rodr\u00edguez-Arias<\/a>, miembro de FiloLab e Investigador Principal del proyecto <a href=\"https:\/\/www.inedyto.com\/\">INEDyTO<\/a>, ha participado en un reportaje publicado por la BBC motivado por el debate en torno a la eutanasia psiqui\u00e1trica, el cu\u00e1l lleva por t\u00edtulo \u00ab<a href=\"https:\/\/www.bbc.com\/mundo\/noticias-59418970\">Eutanasia psiqui\u00e1trica: en qu\u00e9 consiste la controvertida pr\u00e1ctica y en qu\u00e9 pa\u00edses donde se realiza<\/a>\u00ab. En el texto, firmado por Mar\u00eda Elena Navas, aparecen diferentes posiciones respecto a la posibilidad de la eutanasia psiqui\u00e1trica, cuya aplicaci\u00f3n se ha dado en casos con caracter\u00edsticas muy diferentes de lo que habitualmente se entiende como \u00abenfermedad terminal\u00bb. Trastornos mentales como la ansiedad, la depresi\u00f3n o la psicosis pueden llegar a causar tanto dolor e incapacidad como una enfermedad f\u00edsica grave e irreversible, de ah\u00ed que la eutanasia haya aparecido como respuesta para estas personas, present\u00e1ndose como una pr\u00e1ctica leg\u00edtima para terminar con su propio sufrimiento. En palabras de nuestro compa\u00f1ero David Rodr\u00edguez-Arias: \u00abHay circunstancias que son tan dram\u00e1ticas y tan duras y tan irreversibles e irremediables que es inevitable que siga habiendo algunas personas que pidan ese tipo de ayuda\u00bb. Pod\u00e9is leer el reportaje a continuaci\u00f3n.<\/p>\n<h4 id=\"content\" class=\"bbc-1lsgtu3 e1yj3cbb0\" tabindex=\"-1\">Eutanasia psiqui\u00e1trica: en qu\u00e9 consiste la controvertida pr\u00e1ctica y en qu\u00e9 pa\u00edses donde se realiza<\/h4>\n<div class=\"bbc-19j92fr e57qer20\" dir=\"ltr\">\n<p class=\"bbc-bm53ic e1cc2ql70\" dir=\"ltr\"><b>En enero de 2018 Aurelia Brouwers, una joven neerlandesa de 29 a\u00f1os, escribi\u00f3 en Facebook: \u00abMe estoy preparando para mi viaje. Gracias por todo. A partir de ahora no estar\u00e9 disponible\u00bb.<\/b><\/p>\n<\/div>\n<div class=\"bbc-19j92fr e57qer20\" dir=\"ltr\">\n<p class=\"bbc-bm53ic e1cc2ql70\" dir=\"ltr\">Cuatro horas despu\u00e9s, Brouwers se recost\u00f3 en su cama y, rodeada de amigos, bebi\u00f3 un compuesto t\u00f3xico, recetado por su m\u00e9dico, para morir.<\/p>\n<\/div>\n<div class=\"bbc-19j92fr e57qer20\" dir=\"ltr\">\n<p class=\"bbc-bm53ic e1cc2ql70\" dir=\"ltr\">La muerte de Aurelia, en la ciudad de Deventer, Pa\u00edses Bajos, ocurri\u00f3 un mes despu\u00e9s de que el Estado le otorgara el derecho a morir bajo la ley de eutanasia y suicidio asistido, que permite la terminaci\u00f3n de la vida cuando hay \u00absufrimiento insoportable e intratable\u00bb.<\/p>\n<\/div>\n<div class=\"bbc-19j92fr e57qer20\" dir=\"ltr\">\n<p class=\"bbc-bm53ic e1cc2ql70\" dir=\"ltr\">Pero Aurelia\u00a0<b>no sufr\u00eda una enfermedad terminal.<\/b><\/p>\n<div class=\"bbc-19j92fr e57qer20\" dir=\"ltr\">\n<p class=\"bbc-bm53ic e1cc2ql70\" dir=\"ltr\">A la joven neerlandesa se le permiti\u00f3 poner fin a su vida debido al \u00absufrimiento psicol\u00f3gico insoportable\u00bb de sus trastornos mentales, incluidos,\u00a0<b>ansiedad, depresi\u00f3n y psicosis.<\/b><\/p>\n<\/div>\n<div class=\"bbc-1n4f7vm e57qer20\" dir=\"ltr\">\n<section class=\"bbc-1tuvzyv ebqhneu1\" role=\"region\" data-e2e=\"recommendations-heading\" aria-labelledby=\"recommendations-heading\">\n<div class=\"bbc-bjn8wh emhm4kg2\">\n<div class=\"bbc-19j92fr e57qer20\" dir=\"ltr\">\n<p class=\"bbc-bm53ic e1cc2ql70\" dir=\"ltr\">La eutanasia est\u00e1 permitida en siete pa\u00edses y el procedimiento se practica principalmente en personas con enfermedades terminales como c\u00e1ncer, donde el paciente tiene meses o semanas de vida.<\/p>\n<\/div>\n<div class=\"bbc-19j92fr e57qer20\" dir=\"ltr\">\n<p class=\"bbc-bm53ic e1cc2ql70\" dir=\"ltr\">Pero en cuatro de \u00e9stos pa\u00edses -Pa\u00edses Bajos, B\u00e9lgica, Luxemburgo y recientemente Espa\u00f1a- se permite el procedimiento para personas con enfermedades mentales, como depresi\u00f3n, ansiedad o trastornos de la personalidad.<\/p>\n<\/div>\n<div class=\"bbc-19j92fr e57qer20\" dir=\"ltr\">\n<p class=\"bbc-bm53ic e1cc2ql70\" dir=\"ltr\">(Canad\u00e1 vot\u00f3 en marzo para permitir la eutanasia para enfermedades mentales a partir de marzo de 2023).<\/p>\n<\/div>\n<div class=\"bbc-19j92fr e57qer20\" dir=\"ltr\">\n<p class=\"bbc-bm53ic e1cc2ql70\" dir=\"ltr\">Igual que ocurri\u00f3 en 2018 con la muerte de Aurelia, el asunto de la\u00a0<b>\u00abeutanasia psiqui\u00e1trica\u00bb<\/b>\u00a0ha provocado un feroz debate en la comunidad m\u00e9dica de Espa\u00f1a y Canad\u00e1.<\/p>\n<\/div>\n<div class=\"bbc-19j92fr e57qer20\" dir=\"ltr\">\n<p class=\"bbc-bm53ic e1cc2ql70\" dir=\"ltr\">Y ha enfrentado a quienes afirman que una enfermedad mental puede causar tanto sufrimiento e incapacidad como una enfermedad f\u00edsica, y quienes apuntan que hay tratamientos para curar estos trastornos y no se debe ayudar a morir a estas personas.<\/p>\n<\/div>\n<div class=\"bbc-19j92fr e57qer20\" dir=\"ltr\">\n<p class=\"bbc-bm53ic e1cc2ql70\" dir=\"ltr\">\u00abYo creo que se tienen que hacer los esfuerzos p\u00fablicos para que las personas no deseen morir, pero que algunas personas quieran morirse es algo hasta cierto punto inevitable\u00bb, le dice a BBC Mundo David Rodr\u00edguez-Arias, profesor de bio\u00e9tica de la Universidad de Granada e investigador principal del proyecto INEDyTO sobre bio\u00e9tica y final de la vida.<\/p>\n<\/div>\n<div class=\"bbc-19j92fr e57qer20\" dir=\"ltr\">\n<p class=\"bbc-bm53ic e1cc2ql70\" dir=\"ltr\">\u00abHay circunstancias que son tan dram\u00e1ticas y tan duras y tan irreversibles e irremediables que\u00a0<b>es inevitable que siga habiendo algunas personas que pidan ese tipo de ayuda<\/b>\u00ab.<\/p>\n<\/div>\n<div class=\"bbc-19j92fr e57qer20\" dir=\"ltr\">\n<p class=\"bbc-bm53ic e1cc2ql70\" dir=\"ltr\">\u00abEs una constataci\u00f3n triste, pero inevitable\u00bb, agrega.<\/p>\n<div class=\"bbc-19j92fr e57qer20\" dir=\"ltr\">\n<p class=\"bbc-bm53ic e1cc2ql70\" dir=\"ltr\">Para muchos psiquiatras, sin embargo, la eutanasia es\u00a0<b>\u00abfundamentalmente incompatible\u00bb<\/b>\u00a0con el papel de un m\u00e9dico para sanar al enfermo.<\/p>\n<\/div>\n<div class=\"bbc-19j92fr e57qer20\" dir=\"ltr\">\n<p class=\"bbc-bm53ic e1cc2ql70\" dir=\"ltr\">\u00abAbrir la puerta a la eutanasia facilita la devaluaci\u00f3n del valor de la vida, a la cual si que tenemos derecho como seres humanos\u00bb, le dice a BBC Mundo el doctor Manuel Bouso\u00f1o Garc\u00eda, profesor de psiquiatr\u00eda de la Universidad de Oviedo.<\/p>\n<\/div>\n<div class=\"bbc-19j92fr e57qer20\" dir=\"ltr\">\n<p class=\"bbc-bm53ic e1cc2ql70\" dir=\"ltr\">\u00abDebe lucharse por preservarla libre de sufrimiento y no por eliminarla\u00bb.<\/p>\n<p dir=\"ltr\">Puedes seguir leyendo el art\u00edculo <a href=\"https:\/\/www.bbc.com\/mundo\/noticias-59418970\">aqu\u00ed<\/a>.<\/p>\n<p dir=\"ltr\"><img loading=\"lazy\" class=\" wp-image-4279 aligncenter\" src=\"http:\/\/wpd.ugr.es\/~filolab\/wordpress\/wp-content\/uploads\/2021\/12\/DAVID-EUTANASIA-300x169.jpg\" alt=\"\" width=\"554\" height=\"312\" srcset=\"https:\/\/wpd.ugr.es\/~filolab\/wordpress\/wp-content\/uploads\/2021\/12\/DAVID-EUTANASIA-300x169.jpg 300w, https:\/\/wpd.ugr.es\/~filolab\/wordpress\/wp-content\/uploads\/2021\/12\/DAVID-EUTANASIA-768x432.jpg 768w, https:\/\/wpd.ugr.es\/~filolab\/wordpress\/wp-content\/uploads\/2021\/12\/DAVID-EUTANASIA.jpg 800w\" sizes=\"(max-width: 554px) 100vw, 554px\" \/><\/p>\n<\/div>\n<\/div>\n<\/div>\n<\/section>\n<\/div>\n<\/div>\n<!-- AddThis Advanced Settings generic via filter on the_content --><!-- AddThis Share Buttons generic via filter on the_content -->","protected":false},"excerpt":{"rendered":"<p>David Rodr\u00edguez-Arias, miembro de FiloLab e Investigador Principal del proyecto INEDyTO, ha participado en un reportaje publicado por la BBC motivado por el debate en torno a la eutanasia psiqui\u00e1trica, el cu\u00e1l lleva por t\u00edtulo \u00abEutanasia psiqui\u00e1trica: en qu\u00e9 consiste la controvertida pr\u00e1ctica y en qu\u00e9 pa\u00edses donde se realiza\u00ab. En el texto, firmado por [&hellip;]<!-- AddThis Advanced Settings generic via filter on get_the_excerpt --><!-- AddThis Share Buttons generic via filter on get_the_excerpt --><\/p>\n","protected":false},"author":1,"featured_media":4279,"comment_status":"open","ping_status":"open","sticky":false,"template":"","format":"standard","meta":[],"categories":[16],"tags":[],"_links":{"self":[{"href":"https:\/\/wpd.ugr.es\/~filolab\/wordpress\/wp-json\/wp\/v2\/posts\/4276"}],"collection":[{"href":"https:\/\/wpd.ugr.es\/~filolab\/wordpress\/wp-json\/wp\/v2\/posts"}],"about":[{"href":"https:\/\/wpd.ugr.es\/~filolab\/wordpress\/wp-json\/wp\/v2\/types\/post"}],"author":[{"embeddable":true,"href":"https:\/\/wpd.ugr.es\/~filolab\/wordpress\/wp-json\/wp\/v2\/users\/1"}],"replies":[{"embeddable":true,"href":"https:\/\/wpd.ugr.es\/~filolab\/wordpress\/wp-json\/wp\/v2\/comments?post=4276"}],"version-history":[{"count":3,"href":"https:\/\/wpd.ugr.es\/~filolab\/wordpress\/wp-json\/wp\/v2\/posts\/4276\/revisions"}],"predecessor-version":[{"id":4283,"href":"https:\/\/wpd.ugr.es\/~filolab\/wordpress\/wp-json\/wp\/v2\/posts\/4276\/revisions\/4283"}],"wp:featuredmedia":[{"embeddable":true,"href":"https:\/\/wpd.ugr.es\/~filolab\/wordpress\/wp-json\/wp\/v2\/media\/4279"}],"wp:attachment":[{"href":"https:\/\/wpd.ugr.es\/~filolab\/wordpress\/wp-json\/wp\/v2\/media?parent=4276"}],"wp:term":[{"taxonomy":"category","embeddable":true,"href":"https:\/\/wpd.ugr.es\/~filolab\/wordpress\/wp-json\/wp\/v2\/categories?post=4276"},{"taxonomy":"post_tag","embeddable":true,"href":"https:\/\/wpd.ugr.es\/~filolab\/wordpress\/wp-json\/wp\/v2\/tags?post=4276"}],"curies":[{"name":"wp","href":"https:\/\/api.w.org\/{rel}","templated":true}]}}