{"id":4303,"date":"2022-01-13T10:20:17","date_gmt":"2022-01-13T09:20:17","guid":{"rendered":"http:\/\/wpd.ugr.es\/~filolab\/wordpress\/?p=4303"},"modified":"2022-01-13T10:20:17","modified_gmt":"2022-01-13T09:20:17","slug":"la-sociedad-g-w-leibniz-de-rumania-premia-al-profesor-juan-a-nicolas","status":"publish","type":"post","link":"https:\/\/wpd.ugr.es\/~filolab\/wordpress\/2022\/01\/13\/la-sociedad-g-w-leibniz-de-rumania-premia-al-profesor-juan-a-nicolas\/","title":{"rendered":"La Sociedad G. W. Leibniz de Ruman\u00eda premia al Profesor Juan A. Nicol\u00e1s"},"content":{"rendered":"<p class=\"western\" align=\"justify\">El Profesor <a href=\"http:\/\/wpd.ugr.es\/~filolab\/wordpress\/quienes-somos-nueva\/investigadores-garantes-91\/juan-a-nicolas-marin\/\">Juan-Antonio Nicol\u00e1s<\/a>, Catedr\u00e1tico de Filosof\u00eda de la Universidad de Granada y director de la \u201cC\u00e1tedra Iberoamericana de Filosof\u00eda G.W. Leibniz\u201d ha recibido el \u201cPremio G.W. Leibniz 2021\u201d de la Sociedad Leibniz de Ruman\u00eda (https:\/\/societatealeibniz.education\/premiile-leibniz-2021) en la sesi\u00f3n celebrada en Bucarest el 10 de diciembre de 2021. El premio fue concedido por la publicaci\u00f3n del libro <a href=\"https:\/\/elibrary.steiner-verlag.de\/book\/99.105010\/9783515110310\">\u201cK\u00f6rper, Geist, Monaden. Monadologie und Metaphysik bei Leibniz<\/a>\u201d, Steiner Verlag, Stuttgart, 2020. Este libro forma parte de los resultados de las actividades de investigaci\u00f3n y transferencia organizadas por la C\u00e1tedra Leibniz de la Universidad de Granada.<\/p>\n<p align=\"justify\"><img loading=\"lazy\" class=\" wp-image-4305 aligncenter\" src=\"http:\/\/wpd.ugr.es\/~filolab\/wordpress\/wp-content\/uploads\/2022\/01\/Nicolas-1-213x300.jpg\" alt=\"\" width=\"332\" height=\"468\" srcset=\"https:\/\/wpd.ugr.es\/~filolab\/wordpress\/wp-content\/uploads\/2022\/01\/Nicolas-1-213x300.jpg 213w, https:\/\/wpd.ugr.es\/~filolab\/wordpress\/wp-content\/uploads\/2022\/01\/Nicolas-1.jpg 476w\" sizes=\"(max-width: 332px) 100vw, 332px\" \/><\/p>\n<!-- AddThis Advanced Settings generic via filter on the_content --><!-- AddThis Share Buttons generic via filter on the_content -->","protected":false},"excerpt":{"rendered":"<p>El Profesor Juan-Antonio Nicol\u00e1s, Catedr\u00e1tico de Filosof\u00eda de la Universidad de Granada y director de la \u201cC\u00e1tedra Iberoamericana de Filosof\u00eda G.W. Leibniz\u201d ha recibido el \u201cPremio G.W. Leibniz 2021\u201d de la Sociedad Leibniz de Ruman\u00eda (https:\/\/societatealeibniz.education\/premiile-leibniz-2021) en la sesi\u00f3n celebrada en Bucarest el 10 de diciembre de 2021. El premio fue concedido por la publicaci\u00f3n [&hellip;]<!-- AddThis Advanced Settings generic via filter on get_the_excerpt --><!-- AddThis Share Buttons generic via filter on get_the_excerpt --><\/p>\n","protected":false},"author":1,"featured_media":4304,"comment_status":"open","ping_status":"open","sticky":false,"template":"","format":"standard","meta":[],"categories":[650,21],"tags":[1192,2200,757,2202,737,2204],"_links":{"self":[{"href":"https:\/\/wpd.ugr.es\/~filolab\/wordpress\/wp-json\/wp\/v2\/posts\/4303"}],"collection":[{"href":"https:\/\/wpd.ugr.es\/~filolab\/wordpress\/wp-json\/wp\/v2\/posts"}],"about":[{"href":"https:\/\/wpd.ugr.es\/~filolab\/wordpress\/wp-json\/wp\/v2\/types\/post"}],"author":[{"embeddable":true,"href":"https:\/\/wpd.ugr.es\/~filolab\/wordpress\/wp-json\/wp\/v2\/users\/1"}],"replies":[{"embeddable":true,"href":"https:\/\/wpd.ugr.es\/~filolab\/wordpress\/wp-json\/wp\/v2\/comments?post=4303"}],"version-history":[{"count":1,"href":"https:\/\/wpd.ugr.es\/~filolab\/wordpress\/wp-json\/wp\/v2\/posts\/4303\/revisions"}],"predecessor-version":[{"id":4306,"href":"https:\/\/wpd.ugr.es\/~filolab\/wordpress\/wp-json\/wp\/v2\/posts\/4303\/revisions\/4306"}],"wp:featuredmedia":[{"embeddable":true,"href":"https:\/\/wpd.ugr.es\/~filolab\/wordpress\/wp-json\/wp\/v2\/media\/4304"}],"wp:attachment":[{"href":"https:\/\/wpd.ugr.es\/~filolab\/wordpress\/wp-json\/wp\/v2\/media?parent=4303"}],"wp:term":[{"taxonomy":"category","embeddable":true,"href":"https:\/\/wpd.ugr.es\/~filolab\/wordpress\/wp-json\/wp\/v2\/categories?post=4303"},{"taxonomy":"post_tag","embeddable":true,"href":"https:\/\/wpd.ugr.es\/~filolab\/wordpress\/wp-json\/wp\/v2\/tags?post=4303"}],"curies":[{"name":"wp","href":"https:\/\/api.w.org\/{rel}","templated":true}]}}