{"id":4321,"date":"2022-01-18T10:24:10","date_gmt":"2022-01-18T09:24:10","guid":{"rendered":"https:\/\/wpd.ugr.es\/~filolab\/wordpress\/?p=4321"},"modified":"2022-01-18T10:28:24","modified_gmt":"2022-01-18T09:28:24","slug":"ciclo-posverdad-a-debate-socioeconomia-y-posverdad","status":"publish","type":"post","link":"https:\/\/wpd.ugr.es\/~filolab\/wordpress\/2022\/01\/18\/ciclo-posverdad-a-debate-socioeconomia-y-posverdad\/","title":{"rendered":"Ciclo \u00abPosverdad a debate\u00bb: Socioeconom\u00eda y Posverdad"},"content":{"rendered":"<p>El 20 de enero vuelve a las redes el ciclo de discusiones \u00abPosverdad a debate\u00bb, coordinado por Juan A. Nicol\u00e1s y organizado por la C\u00e1tedra Leibniz UGR, la FIBICC, FiloLab y el Observatorio Veritas . En esta ocasi\u00f3n se debatir\u00e1 sobre \u00abSocioeconom\u00eda y posverdad\u00bb. El conversatorio contar\u00e1 con las siguientes invitadas e invitados:<\/p>\n<ul>\n<li>Fernando L\u00f3pez Castellano (UGR): \u00ab<em>Posverdad y cultura econ\u00f3mica dominante: \u00bfes el economista neocl\u00e1sico un sofista desaprensivo<\/em>?<\/li>\n<li>Natalia Jim\u00e9nez Jim\u00e9nez (Universidad Pablo Olavide): \u00ab<em>Fake news y econom\u00eda experimental\u00bb<\/em><\/li>\n<li>Santiago Carb\u00f3 Valverde (UGR): \u00ab<em>Fen\u00f3menos financieros en la era de la desinformaci\u00f3n\u00bb<\/em><\/li>\n<li>Jos\u00e9 Manuel Moreno Molino (UGR): \u00ab<em>Pr\u00e1cticas posverdaderas en el pr\u00e9stamo hipotecario, \u00bfintencionadas?<\/em><\/li>\n<\/ul>\n<p>El seminario ser\u00e1 de 17:00 a 19:00. Puede accederse <a href=\"http:\/\/meet.google.com\/vre-gswh-ruu\">aqu\u00ed.<\/a><\/p>\n<p>Contacto: anaramirez@ugr.es<\/p>\n<p><img loading=\"lazy\" class=\" wp-image-4322 aligncenter\" src=\"http:\/\/wpd.ugr.es\/~filolab\/wordpress\/wp-content\/uploads\/2022\/01\/Sesion-Publica-Socioeconomia-y-posverdad_page-0001-212x300.jpg\" alt=\"\" width=\"302\" height=\"428\"><\/p>\n<!-- AddThis Advanced Settings generic via filter on the_content --><!-- AddThis Share Buttons generic via filter on the_content -->","protected":false},"excerpt":{"rendered":"<p>El 20 de enero vuelve a las redes el ciclo de discusiones \u00abPosverdad a debate\u00bb, coordinado por Juan A. Nicol\u00e1s y organizado por la C\u00e1tedra Leibniz UGR, la FIBICC, FiloLab y el Observatorio Veritas . En esta ocasi\u00f3n se debatir\u00e1 sobre \u00abSocioeconom\u00eda y posverdad\u00bb. El conversatorio contar\u00e1 con las siguientes invitadas e invitados: Fernando L\u00f3pez [&hellip;]<!-- AddThis Advanced Settings generic via filter on get_the_excerpt --><!-- AddThis Share Buttons generic via filter on get_the_excerpt --><\/p>\n","protected":false},"author":1,"featured_media":4322,"comment_status":"open","ping_status":"open","sticky":false,"template":"","format":"standard","meta":[],"categories":[1239,73],"tags":[983,2214,757,297,2070,961,2216],"_links":{"self":[{"href":"https:\/\/wpd.ugr.es\/~filolab\/wordpress\/wp-json\/wp\/v2\/posts\/4321"}],"collection":[{"href":"https:\/\/wpd.ugr.es\/~filolab\/wordpress\/wp-json\/wp\/v2\/posts"}],"about":[{"href":"https:\/\/wpd.ugr.es\/~filolab\/wordpress\/wp-json\/wp\/v2\/types\/post"}],"author":[{"embeddable":true,"href":"https:\/\/wpd.ugr.es\/~filolab\/wordpress\/wp-json\/wp\/v2\/users\/1"}],"replies":[{"embeddable":true,"href":"https:\/\/wpd.ugr.es\/~filolab\/wordpress\/wp-json\/wp\/v2\/comments?post=4321"}],"version-history":[{"count":2,"href":"https:\/\/wpd.ugr.es\/~filolab\/wordpress\/wp-json\/wp\/v2\/posts\/4321\/revisions"}],"predecessor-version":[{"id":4324,"href":"https:\/\/wpd.ugr.es\/~filolab\/wordpress\/wp-json\/wp\/v2\/posts\/4321\/revisions\/4324"}],"wp:featuredmedia":[{"embeddable":true,"href":"https:\/\/wpd.ugr.es\/~filolab\/wordpress\/wp-json\/wp\/v2\/media\/4322"}],"wp:attachment":[{"href":"https:\/\/wpd.ugr.es\/~filolab\/wordpress\/wp-json\/wp\/v2\/media?parent=4321"}],"wp:term":[{"taxonomy":"category","embeddable":true,"href":"https:\/\/wpd.ugr.es\/~filolab\/wordpress\/wp-json\/wp\/v2\/categories?post=4321"},{"taxonomy":"post_tag","embeddable":true,"href":"https:\/\/wpd.ugr.es\/~filolab\/wordpress\/wp-json\/wp\/v2\/tags?post=4321"}],"curies":[{"name":"wp","href":"https:\/\/api.w.org\/{rel}","templated":true}]}}