{"id":4378,"date":"2022-01-26T11:01:47","date_gmt":"2022-01-26T10:01:47","guid":{"rendered":"https:\/\/wpd.ugr.es\/~filolab\/wordpress\/?p=4378"},"modified":"2022-01-26T11:04:29","modified_gmt":"2022-01-26T10:04:29","slug":"lactivism-and-mothering-as-libertarian-social-practices-a-feminist-plea","status":"publish","type":"post","link":"https:\/\/wpd.ugr.es\/~filolab\/wordpress\/2022\/01\/26\/lactivism-and-mothering-as-libertarian-social-practices-a-feminist-plea\/","title":{"rendered":"\u00abLactivism and mothering as libertarian social practices: a feminist plea\u00bb"},"content":{"rendered":"<p>La investigadora de FiloLab <a href=\"http:\/\/wpd.ugr.es\/~filolab\/wordpress\/quienes-somos-nueva\/investigadores-asociados\/ester-masso-guijarro\/\">Ester Mass\u00f3 Guijarro<\/a> sintetiza en este breve ensayo un compendio de varias intervenciones p\u00fablicas y reflexiones, comunicadas en distintos espacios y formatos a lo largo de los a\u00f1os, acerca de los c\u00edrculos de apoyo a la crianza y la lactancia (<em>lactivismo<\/em>) como movimientos sociales y pol\u00edticos de car\u00e1cter radicalmente feminista y anti-adultocentrista.<\/p>\n<p>Mass\u00f3 Guijarro, Ester (2022) \u201cLactivism and Mothering as Libertarian Social Practices: a Feminist Plea\u201d. Journal of Humanities, Arts and Social Science 6(1): 43-49. <a href=\"http:\/\/www.hillpublisher.com\/ArticleDetails\/855\">DOI: 10.26855\/jhass.2022.01.004<\/a><\/p>\n<p align=\"justify\">Cr\u00e9ditos de la fotograf\u00eda: \u201cMaternidad tallada\u201d, <a href=\"https:\/\/amparoalonsosanz.blogspot.com\/\">Mar\u00eda Amparo Alonso-Sanz<\/a>.<\/p>\n<p align=\"justify\"><img loading=\"lazy\" class=\" wp-image-4379 aligncenter\" src=\"http:\/\/wpd.ugr.es\/~filolab\/wordpress\/wp-content\/uploads\/2022\/01\/masso-205x300.jpg\" alt=\"\" width=\"262\" height=\"383\" srcset=\"https:\/\/wpd.ugr.es\/~filolab\/wordpress\/wp-content\/uploads\/2022\/01\/masso-205x300.jpg 205w, https:\/\/wpd.ugr.es\/~filolab\/wordpress\/wp-content\/uploads\/2022\/01\/masso.jpg 359w\" sizes=\"(max-width: 262px) 100vw, 262px\" \/><\/p>\n<!-- AddThis Advanced Settings generic via filter on the_content --><!-- AddThis Share Buttons generic via filter on the_content -->","protected":false},"excerpt":{"rendered":"<p>La investigadora de FiloLab Ester Mass\u00f3 Guijarro sintetiza en este breve ensayo un compendio de varias intervenciones p\u00fablicas y reflexiones, comunicadas en distintos espacios y formatos a lo largo de los a\u00f1os, acerca de los c\u00edrculos de apoyo a la crianza y la lactancia (lactivismo) como movimientos sociales y pol\u00edticos de car\u00e1cter radicalmente feminista y [&hellip;]<!-- AddThis Advanced Settings generic via filter on get_the_excerpt --><!-- AddThis Share Buttons generic via filter on get_the_excerpt --><\/p>\n","protected":false},"author":1,"featured_media":4379,"comment_status":"open","ping_status":"open","sticky":false,"template":"","format":"standard","meta":[],"categories":[21],"tags":[2034,618,1207,2286,2026],"_links":{"self":[{"href":"https:\/\/wpd.ugr.es\/~filolab\/wordpress\/wp-json\/wp\/v2\/posts\/4378"}],"collection":[{"href":"https:\/\/wpd.ugr.es\/~filolab\/wordpress\/wp-json\/wp\/v2\/posts"}],"about":[{"href":"https:\/\/wpd.ugr.es\/~filolab\/wordpress\/wp-json\/wp\/v2\/types\/post"}],"author":[{"embeddable":true,"href":"https:\/\/wpd.ugr.es\/~filolab\/wordpress\/wp-json\/wp\/v2\/users\/1"}],"replies":[{"embeddable":true,"href":"https:\/\/wpd.ugr.es\/~filolab\/wordpress\/wp-json\/wp\/v2\/comments?post=4378"}],"version-history":[{"count":2,"href":"https:\/\/wpd.ugr.es\/~filolab\/wordpress\/wp-json\/wp\/v2\/posts\/4378\/revisions"}],"predecessor-version":[{"id":4381,"href":"https:\/\/wpd.ugr.es\/~filolab\/wordpress\/wp-json\/wp\/v2\/posts\/4378\/revisions\/4381"}],"wp:featuredmedia":[{"embeddable":true,"href":"https:\/\/wpd.ugr.es\/~filolab\/wordpress\/wp-json\/wp\/v2\/media\/4379"}],"wp:attachment":[{"href":"https:\/\/wpd.ugr.es\/~filolab\/wordpress\/wp-json\/wp\/v2\/media?parent=4378"}],"wp:term":[{"taxonomy":"category","embeddable":true,"href":"https:\/\/wpd.ugr.es\/~filolab\/wordpress\/wp-json\/wp\/v2\/categories?post=4378"},{"taxonomy":"post_tag","embeddable":true,"href":"https:\/\/wpd.ugr.es\/~filolab\/wordpress\/wp-json\/wp\/v2\/tags?post=4378"}],"curies":[{"name":"wp","href":"https:\/\/api.w.org\/{rel}","templated":true}]}}