{"id":4382,"date":"2022-01-31T09:38:02","date_gmt":"2022-01-31T08:38:02","guid":{"rendered":"http:\/\/wpd.ugr.es\/~filolab\/wordpress\/?p=4382"},"modified":"2022-01-31T09:41:32","modified_gmt":"2022-01-31T08:41:32","slug":"inedyto-workshop-in-empirical-bioethics-i-web","status":"publish","type":"post","link":"https:\/\/wpd.ugr.es\/~filolab\/wordpress\/2022\/01\/31\/inedyto-workshop-in-empirical-bioethics-i-web\/","title":{"rendered":"INEDyTO Workshop in Empirical Bioethics (I-WEB)"},"content":{"rendered":"<p>Como parte de las actividades programadas de INEDyTO II (Bio\u00e9tica y Final de la Vida PID2020-118729RB-I00), proyecto financiado por MCIN\/AEI, los pr\u00f3ximos d\u00edas 17, 18 y 19 de febrero tendr\u00e1 lugar el primer INEDyTO Workshop in Empirical Bioethics (I-WEB). Maite Cruz e Ivar Rodr\u00edguez presentar\u00e1n conceptos clave sobre investigaci\u00f3n cualitativa y cuantitativa en Bio\u00e9tica. El taller tendr\u00e1 lugar en el Carmen de la Victoria, Granada, pero tambi\u00e9n se podr\u00e1 seguir en l\u00ednea.<\/p>\n<p>M\u00e1s informaci\u00f3n, se puede encontrar en la siguiente p\u00e1gina web: <a href=\"https:\/\/www.inedyto.com\/i-web.html\">https:\/\/www.inedyto.com\/i-web.html<\/a><\/p>\n<p><img loading=\"lazy\" class=\" wp-image-4383 aligncenter\" src=\"http:\/\/wpd.ugr.es\/~filolab\/wordpress\/wp-content\/uploads\/2022\/01\/FJe1h36XMAMkvbF-212x300.jpg\" alt=\"\" width=\"294\" height=\"416\" srcset=\"https:\/\/wpd.ugr.es\/~filolab\/wordpress\/wp-content\/uploads\/2022\/01\/FJe1h36XMAMkvbF-212x300.jpg 212w, https:\/\/wpd.ugr.es\/~filolab\/wordpress\/wp-content\/uploads\/2022\/01\/FJe1h36XMAMkvbF.jpg 481w\" sizes=\"(max-width: 294px) 100vw, 294px\" \/><\/p>\n<!-- AddThis Advanced Settings generic via filter on the_content --><!-- AddThis Share Buttons generic via filter on the_content -->","protected":false},"excerpt":{"rendered":"<p>Como parte de las actividades programadas de INEDyTO II (Bio\u00e9tica y Final de la Vida PID2020-118729RB-I00), proyecto financiado por MCIN\/AEI, los pr\u00f3ximos d\u00edas 17, 18 y 19 de febrero tendr\u00e1 lugar el primer INEDyTO Workshop in Empirical Bioethics (I-WEB). Maite Cruz e Ivar Rodr\u00edguez presentar\u00e1n conceptos clave sobre investigaci\u00f3n cualitativa y cuantitativa en Bio\u00e9tica. El [&hellip;]<!-- AddThis Advanced Settings generic via filter on get_the_excerpt --><!-- AddThis Share Buttons generic via filter on get_the_excerpt --><\/p>\n","protected":false},"author":1,"featured_media":4383,"comment_status":"open","ping_status":"open","sticky":false,"template":"","format":"standard","meta":[],"categories":[1239,73],"tags":[2292,437,1630,2288,2290],"_links":{"self":[{"href":"https:\/\/wpd.ugr.es\/~filolab\/wordpress\/wp-json\/wp\/v2\/posts\/4382"}],"collection":[{"href":"https:\/\/wpd.ugr.es\/~filolab\/wordpress\/wp-json\/wp\/v2\/posts"}],"about":[{"href":"https:\/\/wpd.ugr.es\/~filolab\/wordpress\/wp-json\/wp\/v2\/types\/post"}],"author":[{"embeddable":true,"href":"https:\/\/wpd.ugr.es\/~filolab\/wordpress\/wp-json\/wp\/v2\/users\/1"}],"replies":[{"embeddable":true,"href":"https:\/\/wpd.ugr.es\/~filolab\/wordpress\/wp-json\/wp\/v2\/comments?post=4382"}],"version-history":[{"count":3,"href":"https:\/\/wpd.ugr.es\/~filolab\/wordpress\/wp-json\/wp\/v2\/posts\/4382\/revisions"}],"predecessor-version":[{"id":4390,"href":"https:\/\/wpd.ugr.es\/~filolab\/wordpress\/wp-json\/wp\/v2\/posts\/4382\/revisions\/4390"}],"wp:featuredmedia":[{"embeddable":true,"href":"https:\/\/wpd.ugr.es\/~filolab\/wordpress\/wp-json\/wp\/v2\/media\/4383"}],"wp:attachment":[{"href":"https:\/\/wpd.ugr.es\/~filolab\/wordpress\/wp-json\/wp\/v2\/media?parent=4382"}],"wp:term":[{"taxonomy":"category","embeddable":true,"href":"https:\/\/wpd.ugr.es\/~filolab\/wordpress\/wp-json\/wp\/v2\/categories?post=4382"},{"taxonomy":"post_tag","embeddable":true,"href":"https:\/\/wpd.ugr.es\/~filolab\/wordpress\/wp-json\/wp\/v2\/tags?post=4382"}],"curies":[{"name":"wp","href":"https:\/\/api.w.org\/{rel}","templated":true}]}}