{"id":4691,"date":"2022-04-25T10:33:06","date_gmt":"2022-04-25T08:33:06","guid":{"rendered":"https:\/\/wpd.ugr.es\/~filolab\/wordpress\/?p=4691"},"modified":"2022-04-25T10:33:10","modified_gmt":"2022-04-25T08:33:10","slug":"conferencia-internacional-sobre-argumentacion-y-politica","status":"publish","type":"post","link":"https:\/\/wpd.ugr.es\/~filolab\/wordpress\/2022\/04\/25\/conferencia-internacional-sobre-argumentacion-y-politica\/","title":{"rendered":"\u00abConferencia Internacional sobre argumentaci\u00f3n y pol\u00edtica\u00bb"},"content":{"rendered":"<p>Los d\u00edas del 27 al 29 de abril tendr\u00e1 lugar la <strong>Conferencia Internacional sobre Argumentaci\u00f3n y Pol\u00edtica<\/strong> (<em>Conference on Argumentation and Politics<\/em>) en el Carmen de la Victoria (Granada), coordinada por la directora de FiloLab <a href=\"http:\/\/wpd.ugr.es\/~filolab\/wordpress\/quienes-somos-nueva\/investigadores-garantes-91\/lilian-bermejo-luque\/\">Lilian Bermejo-Luque<\/a>.<\/p>\n<p>\u00abDesde los tiempos de la disputa entre los fil\u00f3sofos y los sofistas, la arena pol\u00edtica ha disparado el inter\u00e9s por la argumentaci\u00f3n. La reflexi\u00f3n sobre el papel de la argumentaci\u00f3n en la pol\u00edtica sigue siendo necesaria y oportuna en el contexto de los desaf\u00edos que enfrenta la pol\u00edtica global en la actualidad. Despu\u00e9s de todo, al dar y pedir razones pretendemos coordinar nuestras creencias y decisiones con las de los dem\u00e1s de forma racional, evitando la mera imposici\u00f3n de los poderosos sobre los d\u00e9biles. Este rasgo caracter\u00edstico de la argumentaci\u00f3n ha hecho que autores como Rawls o Habermas piensen en la argumentaci\u00f3n no solo como un instrumento para la pol\u00edtica, sino incluso como la fuente misma de la legitimidad pol\u00edtica\u00bb.<\/p>\n<p>En esta conferencia, se propone una reflexi\u00f3n interdisciplinar sobre el papel de la argumentaci\u00f3n para la pol\u00edtica que se concreta en las siguientes preguntas:<\/p>\n<p>\u2013 \u00bfTiene la argumentaci\u00f3n pol\u00edtica caracter\u00edsticas propias que la diferencian de la argumentaci\u00f3n en otros \u00e1mbitos?<\/p>\n<p>\u2013 \u00bfExisten criterios espec\u00edficos para una buena argumentaci\u00f3n en pol\u00edtica?<\/p>\n<p>\u2013 \u00bfC\u00f3mo se relacionan entre s\u00ed los elementos l\u00f3gicos, dial\u00e9cticos y ret\u00f3ricos de la argumentaci\u00f3n en la argumentaci\u00f3n pol\u00edtica?<\/p>\n<p>\u2013 \u00bfC\u00f3mo se puede mejorar la calidad de la argumentaci\u00f3n pol\u00edtica?<\/p>\n<p>A continuaci\u00f3n os dejamos <strong>el programa<\/strong> del congreso:<\/p>\n<p style=\"margin: 12px auto 6px auto; font-family: Helvetica,Arial,Sans-serif; font-style: normal; font-variant: normal; font-weight: normal; font-size: 14px; line-height: normal; font-size-adjust: none; font-stretch: normal; -x-system-font: none; display: block;\">\n<p><iframe loading=\"lazy\" id=\"doc_18663\" class=\"scribd_iframe_embed\" title=\"Final Program\" src=\"https:\/\/es.scribd.com\/embeds\/571458032\/content?start_page=1&amp;view_mode=scroll&amp;access_key=key-P002vEVXBvwLNJpmwnGB\" width=\"100%\" height=\"600\" frameborder=\"0\" scrolling=\"no\" data-auto-height=\"false\" data-aspect-ratio=\"0.7068965517241379\"><\/iframe><\/p>\n<!-- AddThis Advanced Settings generic via filter on the_content --><!-- AddThis Share Buttons generic via filter on the_content -->","protected":false},"excerpt":{"rendered":"<p>Los d\u00edas del 27 al 29 de abril tendr\u00e1 lugar la Conferencia Internacional sobre Argumentaci\u00f3n y Pol\u00edtica (Conference on Argumentation and Politics) en el Carmen de la Victoria (Granada), coordinada por la directora de FiloLab Lilian Bermejo-Luque. \u00abDesde los tiempos de la disputa entre los fil\u00f3sofos y los sofistas, la arena pol\u00edtica ha disparado el [&hellip;]<!-- AddThis Advanced Settings generic via filter on get_the_excerpt --><!-- AddThis Share Buttons generic via filter on get_the_excerpt --><\/p>\n","protected":false},"author":1,"featured_media":4292,"comment_status":"open","ping_status":"open","sticky":false,"template":"","format":"standard","meta":[],"categories":[141],"tags":[],"_links":{"self":[{"href":"https:\/\/wpd.ugr.es\/~filolab\/wordpress\/wp-json\/wp\/v2\/posts\/4691"}],"collection":[{"href":"https:\/\/wpd.ugr.es\/~filolab\/wordpress\/wp-json\/wp\/v2\/posts"}],"about":[{"href":"https:\/\/wpd.ugr.es\/~filolab\/wordpress\/wp-json\/wp\/v2\/types\/post"}],"author":[{"embeddable":true,"href":"https:\/\/wpd.ugr.es\/~filolab\/wordpress\/wp-json\/wp\/v2\/users\/1"}],"replies":[{"embeddable":true,"href":"https:\/\/wpd.ugr.es\/~filolab\/wordpress\/wp-json\/wp\/v2\/comments?post=4691"}],"version-history":[{"count":1,"href":"https:\/\/wpd.ugr.es\/~filolab\/wordpress\/wp-json\/wp\/v2\/posts\/4691\/revisions"}],"predecessor-version":[{"id":4694,"href":"https:\/\/wpd.ugr.es\/~filolab\/wordpress\/wp-json\/wp\/v2\/posts\/4691\/revisions\/4694"}],"wp:featuredmedia":[{"embeddable":true,"href":"https:\/\/wpd.ugr.es\/~filolab\/wordpress\/wp-json\/wp\/v2\/media\/4292"}],"wp:attachment":[{"href":"https:\/\/wpd.ugr.es\/~filolab\/wordpress\/wp-json\/wp\/v2\/media?parent=4691"}],"wp:term":[{"taxonomy":"category","embeddable":true,"href":"https:\/\/wpd.ugr.es\/~filolab\/wordpress\/wp-json\/wp\/v2\/categories?post=4691"},{"taxonomy":"post_tag","embeddable":true,"href":"https:\/\/wpd.ugr.es\/~filolab\/wordpress\/wp-json\/wp\/v2\/tags?post=4691"}],"curies":[{"name":"wp","href":"https:\/\/api.w.org\/{rel}","templated":true}]}}