{"id":4813,"date":"2022-07-06T10:29:29","date_gmt":"2022-07-06T08:29:29","guid":{"rendered":"https:\/\/wpd.ugr.es\/~filolab\/wordpress\/?p=4813"},"modified":"2022-07-06T10:31:45","modified_gmt":"2022-07-06T08:31:45","slug":"deberia-ser-directa-la-democracia","status":"publish","type":"post","link":"https:\/\/wpd.ugr.es\/~filolab\/wordpress\/2022\/07\/06\/deberia-ser-directa-la-democracia\/","title":{"rendered":"\u00ab\u00bfDeber\u00eda ser directa la democracia?\u00bb"},"content":{"rendered":"<p>Jos\u00e9 Luis Moreno Pesta\u00f1a, miembro de FiloLab y Vicedecano de Cultura de la Facultad de Filosof\u00eda de la UGR, participar\u00e1 en el encuentro \u00ab\u00bfDeber\u00eda ser directa la democracia?\u00bb, organizado por la <a href=\"https:\/\/escolaeuropeadhumanitats.com\/\">Escola Europea D&#8217;Humanitats<\/a>. En el evento participar\u00e1n Daniel Gamper, Josep Ramoneda, Pilar Carrera, Carol Galais, Xavier Dom\u00e8nech, David Block, Santiago Zabala, Carme Colomina y Valerio Rocco.<\/p>\n<p>\u00abSeg\u00fan Norberto Bobbio \u201cnada mata m\u00e1s la democracia que el exceso de democracia\u201d. Esta advertencia del fil\u00f3sofo italiano hac\u00eda referencia a la noci\u00f3n de \u201cdemocracia directa\u201d. Con la intensificaci\u00f3n del mundo digital acaecida estos \u00faltimos a\u00f1os, el entusiasmo por la democracia directa ha ganado terreno. Partidos pol\u00edticos en Europa, tales como el Movimiento 5 Estrellas, no solo elijen a sus representantes por medio de votaciones virtuales, sino que tambi\u00e9n presionan para que el Estado mismo adopte este m\u00e9todo de elecci\u00f3n. El obst\u00e1culo m\u00e1s grande de este proceso no es pr\u00e1ctico, sino conceptual, ya que las instituciones p\u00fablicas no pueden someter continuamente al pueblo a decisiones que crean fracturas sociales\u00bb.<\/p>\n<p>A continuaci\u00f3n os dejamos con el programa del encuentro.<\/p>\n<p>&nbsp;<\/p>\n<p><strong>PROGRAMA<\/strong><\/p>\n<p><strong>Presentaci\u00f3n<\/strong><\/p>\n<p>Mi\u00e9rcoles, 13 de julio<\/p>\n<p><strong>Josep Ramoneda<\/strong>, director de la Escola Europea d\u2019Humanitats<\/p>\n<p><strong>Santiago Zabala<\/strong>, profesor de Investigaci\u00f3n ICREA en la Universidad Pompeu Fabra<\/p>\n<p>&nbsp;<\/p>\n<p><strong>Primera sesi\u00f3n<\/strong><\/p>\n<p>Mi\u00e9rcoles, 13 de julio de 17.10 a 18.30 horas<\/p>\n<p><strong>LA TRASPARENCIA COMO PROBLEMA POL\u00cdTICO<\/strong><\/p>\n<p><strong>Valerio Rocco<\/strong>, profesor de Historia de la Filosof\u00eda Moderna en la Universidad Aut\u00f3noma de Madrid y Director del C\u00edrculo de Bellas Artes de Madrid<\/p>\n<p><strong>Daniel Gamper<\/strong>, fil\u00f3sofo<\/p>\n<p>Debate entre todos los miembros de la mesa<\/p>\n<p>&nbsp;<\/p>\n<p>Pausa-caf\u00e9. De 18.30 a 18.45 horas<\/p>\n<p>&nbsp;<\/p>\n<p><strong>Segunda sesi\u00f3n<\/strong><\/p>\n<p>Mi\u00e9rcoles, 13 de julio de 19 a 20.15 horas<\/p>\n<p><strong>LA MANIPULACI\u00d3N EN LAS SOCIEDADES<\/strong><\/p>\n<p><strong>Pilar Carrera<\/strong>, profesora del Departamento&nbsp; Comunicaci\u00f3n&nbsp; de la Universidad Carlos III de Madrid<\/p>\n<p><strong>David Block<\/strong>, profesor de Investigaci\u00f3n ICREA en la Universidad Pompeu Fabra<\/p>\n<p>Debate entre todos los miembros de la mesa<\/p>\n<p>Fin del primer d\u00eda<\/p>\n<p>&nbsp;<\/p>\n<p><strong>Tercera sesi\u00f3n<\/strong><\/p>\n<p>Jueves, 14 de julio de 17 a 18.30 horas<\/p>\n<p><strong>ACTIVISMO POL\u00cdTICO ENTRE ALGORITMOS<\/strong><\/p>\n<p><strong>Carol Galais<\/strong>, investigadora Ram\u00f3n y Cajal en la Universidad Aut\u00f3noma de Barcelona<\/p>\n<p><strong>Xavier Dom\u00e8nech<\/strong>, historiador, profesor de Historia en la Universidad Aut\u00f3noma de Barcelona<\/p>\n<p>Debate entre todos los miembros de la mesa<\/p>\n<p>&nbsp;<\/p>\n<p><strong>Cuarta sesi\u00f3n<\/strong><\/p>\n<p>Jueves, 14 de julio de 19 a 20.15 horas<\/p>\n<p><strong>CAPITALISMO, DEMOCRACIA Y INSTITUCIONES<\/strong><\/p>\n<p><strong>Jos\u00e9 Luis Moreno Pesta\u00f1a<\/strong>, profesor de Filosof\u00eda Moral en la Universidad de Granada<\/p>\n<p><strong>Carme Colomina<\/strong>, profesora de Ciencias Pol\u00edticas en la Universidad Aut\u00f3noma de Barcelona<\/p>\n<p>Debate entre todos los miembros de la mesa<\/p>\n<p>Fin del segundo d\u00eda<\/p>\n<p>&nbsp;<\/p>\n<!-- AddThis Advanced Settings generic via filter on the_content --><!-- AddThis Share Buttons generic via filter on the_content -->","protected":false},"excerpt":{"rendered":"<p>Jos\u00e9 Luis Moreno Pesta\u00f1a, miembro de FiloLab y Vicedecano de Cultura de la Facultad de Filosof\u00eda de la UGR, participar\u00e1 en el encuentro \u00ab\u00bfDeber\u00eda ser directa la democracia?\u00bb, organizado por la Escola Europea D&#8217;Humanitats. En el evento participar\u00e1n Daniel Gamper, Josep Ramoneda, Pilar Carrera, Carol Galais, Xavier Dom\u00e8nech, David Block, Santiago Zabala, Carme Colomina y [&hellip;]<!-- AddThis Advanced Settings generic via filter on get_the_excerpt --><!-- AddThis Share Buttons generic via filter on get_the_excerpt --><\/p>\n","protected":false},"author":1,"featured_media":4814,"comment_status":"open","ping_status":"open","sticky":false,"template":"","format":"standard","meta":[],"categories":[141],"tags":[245,2615,2613,507,1165],"_links":{"self":[{"href":"https:\/\/wpd.ugr.es\/~filolab\/wordpress\/wp-json\/wp\/v2\/posts\/4813"}],"collection":[{"href":"https:\/\/wpd.ugr.es\/~filolab\/wordpress\/wp-json\/wp\/v2\/posts"}],"about":[{"href":"https:\/\/wpd.ugr.es\/~filolab\/wordpress\/wp-json\/wp\/v2\/types\/post"}],"author":[{"embeddable":true,"href":"https:\/\/wpd.ugr.es\/~filolab\/wordpress\/wp-json\/wp\/v2\/users\/1"}],"replies":[{"embeddable":true,"href":"https:\/\/wpd.ugr.es\/~filolab\/wordpress\/wp-json\/wp\/v2\/comments?post=4813"}],"version-history":[{"count":2,"href":"https:\/\/wpd.ugr.es\/~filolab\/wordpress\/wp-json\/wp\/v2\/posts\/4813\/revisions"}],"predecessor-version":[{"id":4816,"href":"https:\/\/wpd.ugr.es\/~filolab\/wordpress\/wp-json\/wp\/v2\/posts\/4813\/revisions\/4816"}],"wp:featuredmedia":[{"embeddable":true,"href":"https:\/\/wpd.ugr.es\/~filolab\/wordpress\/wp-json\/wp\/v2\/media\/4814"}],"wp:attachment":[{"href":"https:\/\/wpd.ugr.es\/~filolab\/wordpress\/wp-json\/wp\/v2\/media?parent=4813"}],"wp:term":[{"taxonomy":"category","embeddable":true,"href":"https:\/\/wpd.ugr.es\/~filolab\/wordpress\/wp-json\/wp\/v2\/categories?post=4813"},{"taxonomy":"post_tag","embeddable":true,"href":"https:\/\/wpd.ugr.es\/~filolab\/wordpress\/wp-json\/wp\/v2\/tags?post=4813"}],"curies":[{"name":"wp","href":"https:\/\/api.w.org\/{rel}","templated":true}]}}