{"id":4817,"date":"2022-07-11T10:09:35","date_gmt":"2022-07-11T08:09:35","guid":{"rendered":"https:\/\/wpd.ugr.es\/~filolab\/wordpress\/?p=4817"},"modified":"2022-07-11T10:15:50","modified_gmt":"2022-07-11T08:15:50","slug":"que-libertad-requiere-el-socialismo-de-mercado-las-contribuciones-de-antoni-domenech-y-axel-honneth","status":"publish","type":"post","link":"https:\/\/wpd.ugr.es\/~filolab\/wordpress\/2022\/07\/11\/que-libertad-requiere-el-socialismo-de-mercado-las-contribuciones-de-antoni-domenech-y-axel-honneth\/","title":{"rendered":"\u00ab\u00bfQu\u00e9 libertad requiere el socialismo de mercado? Las contribuciones de Antoni Dom\u00e8nech y Axel Honneth\u00bb"},"content":{"rendered":"<p>Nuestro compa\u00f1ero <a href=\"http:\/\/wpd.ugr.es\/~filolab\/wordpress\/quienes-somos-nueva\/investigadores-asociados\/jose-luis-moreno-pestana\/\">Jos\u00e9 Luis Moreno Pesta\u00f1a<\/a>, miembro de FiloLab y Vicedecano de Cultura de la Facultad de Filosof\u00eda de la UGR, acaba de publicar junto a Jes\u00fas \u00c1ngel Ru\u00edz Moreno, miembro del grupo de investigaci\u00f3n <em>Filosof\u00eda social: an\u00e1lisis cr\u00edtico de la sociedad y de la cultura<\/em>, el art\u00edculo\u00a0 \u00ab\u00bfQu\u00e9 libertad requiere el socialismo de mercado? Las contribuciones de Antoni Dom\u00e8nech y Axel Honneth\u00bb en <a href=\"http:\/\/www.izquierdas.cl\/\">Revista Izquierdas<\/a>.<\/p>\n<p><strong>Abstract:<\/strong> En este art\u00edculo analizamos la importancia de la obra del fil\u00f3sofo alem\u00e1n Axel Honneth y del fil\u00f3sofo espa\u00f1ol Antoni Dom\u00e8nech para una renovaci\u00f3n del proyecto socialista. Comenzamos pregunt\u00e1ndonos qu\u00e9 tipo de libertad requiere un proyecto socialista (la libertad social y la fraternidad). Para situar este problema consideramos en primer lugar las condiciones de acceso al mercado (propiedad, explotaci\u00f3n y valores de uso), seguido de una exploraci\u00f3n de la dimensi\u00f3n epistemol\u00f3gica del mercado. A continuaci\u00f3n, nos centramos en los agentes y sus motivaciones en las esferas del consumo y el mercado de trabajo. Finalmente, examinamos el problema de la relaci\u00f3n principal\/agente a trav\u00e9s de la noci\u00f3n de las relaciones fiduciarias.<\/p>\n<p><strong>Palabras clave:<\/strong> socialismo de mercado, Axel Honneth, Antoni Dom\u00e8nech, fraternidad, libertad social.<\/p>\n<p>Pod\u00e9is acceder al art\u00edculo <a href=\"http:\/\/www.izquierdas.cl\/images\/pdf\/2022\/51\/art43.pdf\">aqu\u00ed<\/a>.<\/p>\n<p><img loading=\"lazy\" class=\" wp-image-4825 aligncenter\" src=\"http:\/\/wpd.ugr.es\/~filolab\/wordpress\/wp-content\/uploads\/2022\/07\/Revista-izquierdas-300x300.jpg\" alt=\"\" width=\"427\" height=\"427\" srcset=\"https:\/\/wpd.ugr.es\/~filolab\/wordpress\/wp-content\/uploads\/2022\/07\/Revista-izquierdas-300x300.jpg 300w, https:\/\/wpd.ugr.es\/~filolab\/wordpress\/wp-content\/uploads\/2022\/07\/Revista-izquierdas-1024x1024.jpg 1024w, https:\/\/wpd.ugr.es\/~filolab\/wordpress\/wp-content\/uploads\/2022\/07\/Revista-izquierdas-150x150.jpg 150w, https:\/\/wpd.ugr.es\/~filolab\/wordpress\/wp-content\/uploads\/2022\/07\/Revista-izquierdas-768x768.jpg 768w, https:\/\/wpd.ugr.es\/~filolab\/wordpress\/wp-content\/uploads\/2022\/07\/Revista-izquierdas-1536x1536.jpg 1536w, https:\/\/wpd.ugr.es\/~filolab\/wordpress\/wp-content\/uploads\/2022\/07\/Revista-izquierdas-400x400.jpg 400w, https:\/\/wpd.ugr.es\/~filolab\/wordpress\/wp-content\/uploads\/2022\/07\/Revista-izquierdas-100x100.jpg 100w, https:\/\/wpd.ugr.es\/~filolab\/wordpress\/wp-content\/uploads\/2022\/07\/Revista-izquierdas.jpg 1700w\" sizes=\"(max-width: 427px) 100vw, 427px\" \/><\/p>\n<!-- AddThis Advanced Settings generic via filter on the_content --><!-- AddThis Share Buttons generic via filter on the_content -->","protected":false},"excerpt":{"rendered":"<p>Nuestro compa\u00f1ero Jos\u00e9 Luis Moreno Pesta\u00f1a, miembro de FiloLab y Vicedecano de Cultura de la Facultad de Filosof\u00eda de la UGR, acaba de publicar junto a Jes\u00fas \u00c1ngel Ru\u00edz Moreno, miembro del grupo de investigaci\u00f3n Filosof\u00eda social: an\u00e1lisis cr\u00edtico de la sociedad y de la cultura, el art\u00edculo\u00a0 \u00ab\u00bfQu\u00e9 libertad requiere el socialismo de mercado? [&hellip;]<!-- AddThis Advanced Settings generic via filter on get_the_excerpt --><!-- AddThis Share Buttons generic via filter on get_the_excerpt --><\/p>\n","protected":false},"author":1,"featured_media":4821,"comment_status":"open","ping_status":"open","sticky":false,"template":"","format":"standard","meta":[],"categories":[21],"tags":[2617,547,1832,2619,2621],"_links":{"self":[{"href":"https:\/\/wpd.ugr.es\/~filolab\/wordpress\/wp-json\/wp\/v2\/posts\/4817"}],"collection":[{"href":"https:\/\/wpd.ugr.es\/~filolab\/wordpress\/wp-json\/wp\/v2\/posts"}],"about":[{"href":"https:\/\/wpd.ugr.es\/~filolab\/wordpress\/wp-json\/wp\/v2\/types\/post"}],"author":[{"embeddable":true,"href":"https:\/\/wpd.ugr.es\/~filolab\/wordpress\/wp-json\/wp\/v2\/users\/1"}],"replies":[{"embeddable":true,"href":"https:\/\/wpd.ugr.es\/~filolab\/wordpress\/wp-json\/wp\/v2\/comments?post=4817"}],"version-history":[{"count":4,"href":"https:\/\/wpd.ugr.es\/~filolab\/wordpress\/wp-json\/wp\/v2\/posts\/4817\/revisions"}],"predecessor-version":[{"id":4826,"href":"https:\/\/wpd.ugr.es\/~filolab\/wordpress\/wp-json\/wp\/v2\/posts\/4817\/revisions\/4826"}],"wp:featuredmedia":[{"embeddable":true,"href":"https:\/\/wpd.ugr.es\/~filolab\/wordpress\/wp-json\/wp\/v2\/media\/4821"}],"wp:attachment":[{"href":"https:\/\/wpd.ugr.es\/~filolab\/wordpress\/wp-json\/wp\/v2\/media?parent=4817"}],"wp:term":[{"taxonomy":"category","embeddable":true,"href":"https:\/\/wpd.ugr.es\/~filolab\/wordpress\/wp-json\/wp\/v2\/categories?post=4817"},{"taxonomy":"post_tag","embeddable":true,"href":"https:\/\/wpd.ugr.es\/~filolab\/wordpress\/wp-json\/wp\/v2\/tags?post=4817"}],"curies":[{"name":"wp","href":"https:\/\/api.w.org\/{rel}","templated":true}]}}