{"id":4834,"date":"2022-07-29T10:06:09","date_gmt":"2022-07-29T08:06:09","guid":{"rendered":"http:\/\/wpd.ugr.es\/~filolab\/wordpress\/?p=4834"},"modified":"2022-07-29T10:08:08","modified_gmt":"2022-07-29T08:08:08","slug":"el-doble-efecto-de-la-pandemia-en-el-discurso-transhumanista","status":"publish","type":"post","link":"https:\/\/wpd.ugr.es\/~filolab\/wordpress\/2022\/07\/29\/el-doble-efecto-de-la-pandemia-en-el-discurso-transhumanista\/","title":{"rendered":"\u00abEl doble efecto de la pandemia en el discurso transhumanista\u00bb"},"content":{"rendered":"<p>Pablo Garc\u00eda-Barranquero, miembro e investigador de Filolab, junto con Antonio Di\u00e9guez Lucena (UMA) han publicado el art\u00edculo \u00abEl doble efecto de la pandemia en el discurso transhumanista\u00bb en la revista RECERCA, Revista de Pensament i An\u00e0lisi.<\/p>\n<p><strong>Resumen:<\/strong> La pandemia de la covid-19 ha puesto de manifiesto una vulnerabilidad parcialmente olvidada. Este per\u00edodo tan hostil nos ha hecho ser m\u00e1s conscientes de la finitud de nuestra vida y de los peligros a los que estamos expuestos por ser el organismo biol\u00f3gico que somos. Ante tal panorama, el transhumanismo ha aprovechado la coyuntura para proclamar, con m\u00e1s fuerza que nunca, los beneficios que tendr\u00eda la aplicaci\u00f3n de las nuevas tecnolog\u00edas en el propio ser humano. Sin embargo, al mismo tiempo, los detractores de este movimiento han se\u00f1alado, con la misma intensidad, c\u00f3mo la pandemia ha debilitado muchas de sus promesas. Nosotros mostramos c\u00f3mo tanto los primeros como los segundos siguen manteniendo posiciones radicalmente distintas en torno a qu\u00e9 se debe hacer con respecto a la vulnerabilidad, pero ambos han visto la oportunidad en esta pandemia para iluminar cu\u00e1l debe ser la direcci\u00f3n correcta para el futuro de nuestra especie. Este acontecimiento, no afincado en los terrenos de ciencia-ficci\u00f3n, puede llegar a ser decisivo para repensar los grandes retos que (a\u00fan) nos esperan.<\/p>\n<p><strong>Palabras clave: <\/strong>COVID-19, mejoramiento, pandemia, transhumanismo, vulnerabilidad.<\/p>\n<p>Pod\u00e9is leer el art\u00edculo <a href=\"https:\/\/www.e-revistes.uji.es\/index.php\/recerca\/article\/view\/6155\">aqu\u00ed<\/a>.<\/p>\n<!-- AddThis Advanced Settings generic via filter on the_content --><!-- AddThis Share Buttons generic via filter on the_content -->","protected":false},"excerpt":{"rendered":"<p>Pablo Garc\u00eda-Barranquero, miembro e investigador de Filolab, junto con Antonio Di\u00e9guez Lucena (UMA) han publicado el art\u00edculo \u00abEl doble efecto de la pandemia en el discurso transhumanista\u00bb en la revista RECERCA, Revista de Pensament i An\u00e0lisi. Resumen: La pandemia de la covid-19 ha puesto de manifiesto una vulnerabilidad parcialmente olvidada. Este per\u00edodo tan hostil nos [&hellip;]<!-- AddThis Advanced Settings generic via filter on get_the_excerpt --><!-- AddThis Share Buttons generic via filter on get_the_excerpt --><\/p>\n","protected":false},"author":1,"featured_media":4835,"comment_status":"open","ping_status":"open","sticky":false,"template":"","format":"standard","meta":[],"categories":[937,21],"tags":[945,1211,1291,1289,2631],"_links":{"self":[{"href":"https:\/\/wpd.ugr.es\/~filolab\/wordpress\/wp-json\/wp\/v2\/posts\/4834"}],"collection":[{"href":"https:\/\/wpd.ugr.es\/~filolab\/wordpress\/wp-json\/wp\/v2\/posts"}],"about":[{"href":"https:\/\/wpd.ugr.es\/~filolab\/wordpress\/wp-json\/wp\/v2\/types\/post"}],"author":[{"embeddable":true,"href":"https:\/\/wpd.ugr.es\/~filolab\/wordpress\/wp-json\/wp\/v2\/users\/1"}],"replies":[{"embeddable":true,"href":"https:\/\/wpd.ugr.es\/~filolab\/wordpress\/wp-json\/wp\/v2\/comments?post=4834"}],"version-history":[{"count":1,"href":"https:\/\/wpd.ugr.es\/~filolab\/wordpress\/wp-json\/wp\/v2\/posts\/4834\/revisions"}],"predecessor-version":[{"id":4836,"href":"https:\/\/wpd.ugr.es\/~filolab\/wordpress\/wp-json\/wp\/v2\/posts\/4834\/revisions\/4836"}],"wp:featuredmedia":[{"embeddable":true,"href":"https:\/\/wpd.ugr.es\/~filolab\/wordpress\/wp-json\/wp\/v2\/media\/4835"}],"wp:attachment":[{"href":"https:\/\/wpd.ugr.es\/~filolab\/wordpress\/wp-json\/wp\/v2\/media?parent=4834"}],"wp:term":[{"taxonomy":"category","embeddable":true,"href":"https:\/\/wpd.ugr.es\/~filolab\/wordpress\/wp-json\/wp\/v2\/categories?post=4834"},{"taxonomy":"post_tag","embeddable":true,"href":"https:\/\/wpd.ugr.es\/~filolab\/wordpress\/wp-json\/wp\/v2\/tags?post=4834"}],"curies":[{"name":"wp","href":"https:\/\/api.w.org\/{rel}","templated":true}]}}