{"id":5014,"date":"2023-01-10T10:09:39","date_gmt":"2023-01-10T09:09:39","guid":{"rendered":"http:\/\/wpd.ugr.es\/~filolab\/wordpress\/?p=5014"},"modified":"2023-01-10T10:09:39","modified_gmt":"2023-01-10T09:09:39","slug":"las-pasiegas-la-historia-humana-que-esta-mas-alla-de-una-plaza","status":"publish","type":"post","link":"https:\/\/wpd.ugr.es\/~filolab\/wordpress\/2023\/01\/10\/las-pasiegas-la-historia-humana-que-esta-mas-alla-de-una-plaza\/","title":{"rendered":"Las Pasiegas, la historia humana que est\u00e1 m\u00e1s all\u00e1 de una plaza"},"content":{"rendered":"<p>Nuestra compa\u00f1era <a href=\"http:\/\/wpd.ugr.es\/~filolab\/wordpress\/quienes-somos-nueva\/investigadores-asociados\/ester-masso-guijarro\/\">Ester Mass\u00f3 Guijarro<\/a>, investigadora de FiloLab, ha participado en el reportaje de Jos\u00e9 Antonio Mu\u00f1oz , <a href=\"https:\/\/www.ideal.es\/culturas\/pasiegas-historia-humana-plaza-granada-monumentos-20221227181229-nt.html\">\u00abLas Pasiegas, la historia humana que est\u00e1 m\u00e1s all\u00e1 de una plaza\u00bb<\/a>, publicado recientemente en el peri\u00f3dico IDEAL de Granada. Una de las l\u00edneas principales de investigaci\u00f3n de Mass\u00f3 es el estudio antropol\u00f3gico de la lactancia, fen\u00f3meno humano que aborda de manera hol\u00edstica y multidimensional, desde un enfoque pluridisciplinar que estudia los rasgos biosanitarios, culturales y sociales de la lactancia. Gracias a su dedicaci\u00f3n al estudio y visibilizaci\u00f3n de la lactancia humana, as\u00ed como por el esfuerzo en normalizar su presencia en los \u00e1mbitos cient\u00edficos y acad\u00e9micos, Ester Mass\u00f3 fue reconocida por la asociaci\u00f3n <a href=\"https:\/\/mamilactancia.org\/\">Mamilactancia<\/a> y galardonada por su trayectoria en los <a href=\"https:\/\/novaciencia.es\/premio-para-ester-masso-ugr-por-su-labor-de-visibilizacion-de-la-lactancia-materna\/\">\u00abPremios ejemplares por la Igualdad 2022\u00bb<\/a> por el Ayuntamiento de Peligros.<\/p>\n<p>En este reportaje para el peri\u00f3dico IDEAL, Mass\u00f3 profundiza en la historia de la Plaza de las Pasiegas de Granada, mostrando como este enclave urbano fue en el pasado un espacio en el que se reun\u00edan las amas de cr\u00eda para ofrecer sus servicios a las clases acomodadas de la ciudad. De origen c\u00e1ntabro -de ah\u00ed el nombre de \u00abpasiegas\u00bb-, estas nodrizas eran distinguibles por su indumentaria particular (trajes tradicionales, pendiente de coral y collares de plata) y fueron retratadas en la literatura \u00a0como &#8216;Filomeno a mi pesar&#8217;, de Torrente Ballester o por Federico Garc\u00eda Lorca, que hace referencia a las amas de cr\u00eda en su conferencia &#8216;Las nanas infantiles&#8217;, reivindic\u00e1ndolas como transmisoras de la tradici\u00f3n oral del cuento, el romance y la canci\u00f3n. Como se\u00f1ala Mass\u00f3, \u00abEn esta plaza de las Pasiegas, adem\u00e1s del<br \/>\npatrimonio material, monumental, hay otro inmaterial: el que se desprende de la historia de estas mujeres. La ONU declar\u00f3 en 2016 la lactancia materna como un derecho humano, y me pareci\u00f3 algo m\u00e1gico que en un mismo espacio confluuyeran estas dos dimensiones: la<br \/>\nhist\u00f3rica y la actualidad de quienes reivindican en p\u00fablico su derecho a dar el pecho\u00bb<\/p>\n<p><img loading=\"lazy\" class=\" wp-image-5016 aligncenter\" src=\"http:\/\/wpd.ugr.es\/~filolab\/wordpress\/wp-content\/uploads\/2023\/01\/Ester-Masso-Pasiegas-300x185.jpg\" alt=\"\" width=\"475\" height=\"293\" srcset=\"https:\/\/wpd.ugr.es\/~filolab\/wordpress\/wp-content\/uploads\/2023\/01\/Ester-Masso-Pasiegas-300x185.jpg 300w, https:\/\/wpd.ugr.es\/~filolab\/wordpress\/wp-content\/uploads\/2023\/01\/Ester-Masso-Pasiegas-1024x632.jpg 1024w, https:\/\/wpd.ugr.es\/~filolab\/wordpress\/wp-content\/uploads\/2023\/01\/Ester-Masso-Pasiegas-768x474.jpg 768w, https:\/\/wpd.ugr.es\/~filolab\/wordpress\/wp-content\/uploads\/2023\/01\/Ester-Masso-Pasiegas.jpg 1033w\" sizes=\"(max-width: 475px) 100vw, 475px\" \/><\/p>\n<p style=\"text-align: center;\">Foto de Pepe Mar\u00edn para IDEAL<\/p>\n<p>&nbsp;<\/p>\n<!-- AddThis Advanced Settings generic via filter on the_content --><!-- AddThis Share Buttons generic via filter on the_content -->","protected":false},"excerpt":{"rendered":"<p>Nuestra compa\u00f1era Ester Mass\u00f3 Guijarro, investigadora de FiloLab, ha participado en el reportaje de Jos\u00e9 Antonio Mu\u00f1oz , \u00abLas Pasiegas, la historia humana que est\u00e1 m\u00e1s all\u00e1 de una plaza\u00bb, publicado recientemente en el peri\u00f3dico IDEAL de Granada. Una de las l\u00edneas principales de investigaci\u00f3n de Mass\u00f3 es el estudio antropol\u00f3gico de la lactancia, fen\u00f3meno [&hellip;]<!-- AddThis Advanced Settings generic via filter on get_the_excerpt --><!-- AddThis Share Buttons generic via filter on get_the_excerpt --><\/p>\n","protected":false},"author":1,"featured_media":5015,"comment_status":"open","ping_status":"open","sticky":false,"template":"","format":"standard","meta":[],"categories":[222,21,1162,149],"tags":[686,2422,1794,2398,2827,2855,2026],"_links":{"self":[{"href":"https:\/\/wpd.ugr.es\/~filolab\/wordpress\/wp-json\/wp\/v2\/posts\/5014"}],"collection":[{"href":"https:\/\/wpd.ugr.es\/~filolab\/wordpress\/wp-json\/wp\/v2\/posts"}],"about":[{"href":"https:\/\/wpd.ugr.es\/~filolab\/wordpress\/wp-json\/wp\/v2\/types\/post"}],"author":[{"embeddable":true,"href":"https:\/\/wpd.ugr.es\/~filolab\/wordpress\/wp-json\/wp\/v2\/users\/1"}],"replies":[{"embeddable":true,"href":"https:\/\/wpd.ugr.es\/~filolab\/wordpress\/wp-json\/wp\/v2\/comments?post=5014"}],"version-history":[{"count":1,"href":"https:\/\/wpd.ugr.es\/~filolab\/wordpress\/wp-json\/wp\/v2\/posts\/5014\/revisions"}],"predecessor-version":[{"id":5017,"href":"https:\/\/wpd.ugr.es\/~filolab\/wordpress\/wp-json\/wp\/v2\/posts\/5014\/revisions\/5017"}],"wp:featuredmedia":[{"embeddable":true,"href":"https:\/\/wpd.ugr.es\/~filolab\/wordpress\/wp-json\/wp\/v2\/media\/5015"}],"wp:attachment":[{"href":"https:\/\/wpd.ugr.es\/~filolab\/wordpress\/wp-json\/wp\/v2\/media?parent=5014"}],"wp:term":[{"taxonomy":"category","embeddable":true,"href":"https:\/\/wpd.ugr.es\/~filolab\/wordpress\/wp-json\/wp\/v2\/categories?post=5014"},{"taxonomy":"post_tag","embeddable":true,"href":"https:\/\/wpd.ugr.es\/~filolab\/wordpress\/wp-json\/wp\/v2\/tags?post=5014"}],"curies":[{"name":"wp","href":"https:\/\/api.w.org\/{rel}","templated":true}]}}