{"id":5188,"date":"2023-06-07T09:25:17","date_gmt":"2023-06-07T07:25:17","guid":{"rendered":"http:\/\/wpd.ugr.es\/~filolab\/wordpress\/?p=5188"},"modified":"2023-06-07T09:28:20","modified_gmt":"2023-06-07T07:28:20","slug":"congreso-internacional-posverdad-14-16-de-junio","status":"publish","type":"post","link":"https:\/\/wpd.ugr.es\/~filolab\/wordpress\/2023\/06\/07\/congreso-internacional-posverdad-14-16-de-junio\/","title":{"rendered":"\u00abCONGRESO INTERNACIONAL POSVERDAD\u00bb (14-16 de junio)"},"content":{"rendered":"<p>Entre el 14 y el 16 de junio tendr\u00e1 lugar en Granada el Congreso Internacional Posverdad, organizado por nuestros compa\u00f1eros y compa\u00f1eras de la C\u00e1tedra G. W. Leibniz y vinculado al proyecto de investigaci\u00f3n \u00abPosverdad a debate: reconstrucci\u00f3n social tras la pandemia\u00bb (P020_00703). El congreso tendr\u00e1 sede en el <a href=\"https:\/\/www.google.com\/maps\/place\/Centro+De+Documentaci%C3%B3n+Cient%C3%ADfico+planta+baja\/@37.1809821,-3.6043778,15z\/data=!4m2!3m1!1s0x0:0x7e82312b46e4929e?sa=X&amp;ved=2ahUKEwjXo9jzzLD_AhUmR6QEHXjpA4AQ_BJ6BAg7EAg\">Centro de Documentaci\u00f3n Cient\u00edfica<\/a> de la UGR (C\/ Rector L\u00f3pez Arag\u00fceta, 4).<\/p>\n<p>A Continuaci\u00f3n compartimos el programa del evento.<\/p>\n<p>&nbsp;<\/p>\n<p><img loading=\"lazy\" class=\"alignnone  wp-image-5190\" src=\"http:\/\/wpd.ugr.es\/~filolab\/wordpress\/wp-content\/uploads\/2023\/06\/PROGRAMA-CONGRESO-POSVERDAD_page-0002-212x300.jpg\" alt=\"\" width=\"603\" height=\"852\" srcset=\"https:\/\/wpd.ugr.es\/~filolab\/wordpress\/wp-content\/uploads\/2023\/06\/PROGRAMA-CONGRESO-POSVERDAD_page-0002-212x300.jpg 212w, https:\/\/wpd.ugr.es\/~filolab\/wordpress\/wp-content\/uploads\/2023\/06\/PROGRAMA-CONGRESO-POSVERDAD_page-0002-724x1024.jpg 724w, https:\/\/wpd.ugr.es\/~filolab\/wordpress\/wp-content\/uploads\/2023\/06\/PROGRAMA-CONGRESO-POSVERDAD_page-0002-768x1086.jpg 768w, https:\/\/wpd.ugr.es\/~filolab\/wordpress\/wp-content\/uploads\/2023\/06\/PROGRAMA-CONGRESO-POSVERDAD_page-0002-1086x1536.jpg 1086w, https:\/\/wpd.ugr.es\/~filolab\/wordpress\/wp-content\/uploads\/2023\/06\/PROGRAMA-CONGRESO-POSVERDAD_page-0002.jpg 1241w\" sizes=\"(max-width: 603px) 100vw, 603px\" \/><\/p>\n<p><img loading=\"lazy\" class=\"alignnone  wp-image-5191\" src=\"http:\/\/wpd.ugr.es\/~filolab\/wordpress\/wp-content\/uploads\/2023\/06\/PROGRAMA-CONGRESO-POSVERDAD_page-0003-212x300.jpg\" alt=\"\" width=\"615\" height=\"871\" srcset=\"https:\/\/wpd.ugr.es\/~filolab\/wordpress\/wp-content\/uploads\/2023\/06\/PROGRAMA-CONGRESO-POSVERDAD_page-0003-212x300.jpg 212w, https:\/\/wpd.ugr.es\/~filolab\/wordpress\/wp-content\/uploads\/2023\/06\/PROGRAMA-CONGRESO-POSVERDAD_page-0003-724x1024.jpg 724w, https:\/\/wpd.ugr.es\/~filolab\/wordpress\/wp-content\/uploads\/2023\/06\/PROGRAMA-CONGRESO-POSVERDAD_page-0003-768x1086.jpg 768w, https:\/\/wpd.ugr.es\/~filolab\/wordpress\/wp-content\/uploads\/2023\/06\/PROGRAMA-CONGRESO-POSVERDAD_page-0003-1086x1536.jpg 1086w, https:\/\/wpd.ugr.es\/~filolab\/wordpress\/wp-content\/uploads\/2023\/06\/PROGRAMA-CONGRESO-POSVERDAD_page-0003.jpg 1241w\" sizes=\"(max-width: 615px) 100vw, 615px\" \/><\/p>\n<p><img loading=\"lazy\" class=\"alignnone  wp-image-5192\" src=\"http:\/\/wpd.ugr.es\/~filolab\/wordpress\/wp-content\/uploads\/2023\/06\/PROGRAMA-CONGRESO-POSVERDAD_page-0004-212x300.jpg\" alt=\"\" width=\"616\" height=\"871\" srcset=\"https:\/\/wpd.ugr.es\/~filolab\/wordpress\/wp-content\/uploads\/2023\/06\/PROGRAMA-CONGRESO-POSVERDAD_page-0004-212x300.jpg 212w, https:\/\/wpd.ugr.es\/~filolab\/wordpress\/wp-content\/uploads\/2023\/06\/PROGRAMA-CONGRESO-POSVERDAD_page-0004-724x1024.jpg 724w, https:\/\/wpd.ugr.es\/~filolab\/wordpress\/wp-content\/uploads\/2023\/06\/PROGRAMA-CONGRESO-POSVERDAD_page-0004-768x1086.jpg 768w, https:\/\/wpd.ugr.es\/~filolab\/wordpress\/wp-content\/uploads\/2023\/06\/PROGRAMA-CONGRESO-POSVERDAD_page-0004-1086x1536.jpg 1086w, https:\/\/wpd.ugr.es\/~filolab\/wordpress\/wp-content\/uploads\/2023\/06\/PROGRAMA-CONGRESO-POSVERDAD_page-0004.jpg 1241w\" sizes=\"(max-width: 616px) 100vw, 616px\" \/><\/p>\n<p><img loading=\"lazy\" class=\"alignnone  wp-image-5193\" src=\"http:\/\/wpd.ugr.es\/~filolab\/wordpress\/wp-content\/uploads\/2023\/06\/PROGRAMA-CONGRESO-POSVERDAD_page-0005-212x300.jpg\" alt=\"\" width=\"622\" height=\"881\" srcset=\"https:\/\/wpd.ugr.es\/~filolab\/wordpress\/wp-content\/uploads\/2023\/06\/PROGRAMA-CONGRESO-POSVERDAD_page-0005-212x300.jpg 212w, https:\/\/wpd.ugr.es\/~filolab\/wordpress\/wp-content\/uploads\/2023\/06\/PROGRAMA-CONGRESO-POSVERDAD_page-0005-724x1024.jpg 724w, https:\/\/wpd.ugr.es\/~filolab\/wordpress\/wp-content\/uploads\/2023\/06\/PROGRAMA-CONGRESO-POSVERDAD_page-0005-768x1086.jpg 768w, https:\/\/wpd.ugr.es\/~filolab\/wordpress\/wp-content\/uploads\/2023\/06\/PROGRAMA-CONGRESO-POSVERDAD_page-0005-1086x1536.jpg 1086w, https:\/\/wpd.ugr.es\/~filolab\/wordpress\/wp-content\/uploads\/2023\/06\/PROGRAMA-CONGRESO-POSVERDAD_page-0005.jpg 1241w\" sizes=\"(max-width: 622px) 100vw, 622px\" \/><\/p>\n<p><img loading=\"lazy\" class=\"alignnone  wp-image-5194\" src=\"http:\/\/wpd.ugr.es\/~filolab\/wordpress\/wp-content\/uploads\/2023\/06\/PROGRAMA-CONGRESO-POSVERDAD_page-0006-212x300.jpg\" alt=\"\" width=\"623\" height=\"882\" srcset=\"https:\/\/wpd.ugr.es\/~filolab\/wordpress\/wp-content\/uploads\/2023\/06\/PROGRAMA-CONGRESO-POSVERDAD_page-0006-212x300.jpg 212w, https:\/\/wpd.ugr.es\/~filolab\/wordpress\/wp-content\/uploads\/2023\/06\/PROGRAMA-CONGRESO-POSVERDAD_page-0006-724x1024.jpg 724w, https:\/\/wpd.ugr.es\/~filolab\/wordpress\/wp-content\/uploads\/2023\/06\/PROGRAMA-CONGRESO-POSVERDAD_page-0006-768x1086.jpg 768w, https:\/\/wpd.ugr.es\/~filolab\/wordpress\/wp-content\/uploads\/2023\/06\/PROGRAMA-CONGRESO-POSVERDAD_page-0006-1086x1536.jpg 1086w, https:\/\/wpd.ugr.es\/~filolab\/wordpress\/wp-content\/uploads\/2023\/06\/PROGRAMA-CONGRESO-POSVERDAD_page-0006.jpg 1241w\" sizes=\"(max-width: 623px) 100vw, 623px\" \/><\/p>\n<!-- AddThis Advanced Settings generic via filter on the_content --><!-- AddThis Share Buttons generic via filter on the_content -->","protected":false},"excerpt":{"rendered":"<p>Entre el 14 y el 16 de junio tendr\u00e1 lugar en Granada el Congreso Internacional Posverdad, organizado por nuestros compa\u00f1eros y compa\u00f1eras de la C\u00e1tedra G. W. Leibniz y vinculado al proyecto de investigaci\u00f3n \u00abPosverdad a debate: reconstrucci\u00f3n social tras la pandemia\u00bb (P020_00703). El congreso tendr\u00e1 sede en el Centro de Documentaci\u00f3n Cient\u00edfica de la [&hellip;]<!-- AddThis Advanced Settings generic via filter on get_the_excerpt --><!-- AddThis Share Buttons generic via filter on get_the_excerpt --><\/p>\n","protected":false},"author":1,"featured_media":5195,"comment_status":"open","ping_status":"open","sticky":false,"template":"","format":"standard","meta":[],"categories":[141,2218],"tags":[2859,297,2070],"_links":{"self":[{"href":"https:\/\/wpd.ugr.es\/~filolab\/wordpress\/wp-json\/wp\/v2\/posts\/5188"}],"collection":[{"href":"https:\/\/wpd.ugr.es\/~filolab\/wordpress\/wp-json\/wp\/v2\/posts"}],"about":[{"href":"https:\/\/wpd.ugr.es\/~filolab\/wordpress\/wp-json\/wp\/v2\/types\/post"}],"author":[{"embeddable":true,"href":"https:\/\/wpd.ugr.es\/~filolab\/wordpress\/wp-json\/wp\/v2\/users\/1"}],"replies":[{"embeddable":true,"href":"https:\/\/wpd.ugr.es\/~filolab\/wordpress\/wp-json\/wp\/v2\/comments?post=5188"}],"version-history":[{"count":4,"href":"https:\/\/wpd.ugr.es\/~filolab\/wordpress\/wp-json\/wp\/v2\/posts\/5188\/revisions"}],"predecessor-version":[{"id":5199,"href":"https:\/\/wpd.ugr.es\/~filolab\/wordpress\/wp-json\/wp\/v2\/posts\/5188\/revisions\/5199"}],"wp:featuredmedia":[{"embeddable":true,"href":"https:\/\/wpd.ugr.es\/~filolab\/wordpress\/wp-json\/wp\/v2\/media\/5195"}],"wp:attachment":[{"href":"https:\/\/wpd.ugr.es\/~filolab\/wordpress\/wp-json\/wp\/v2\/media?parent=5188"}],"wp:term":[{"taxonomy":"category","embeddable":true,"href":"https:\/\/wpd.ugr.es\/~filolab\/wordpress\/wp-json\/wp\/v2\/categories?post=5188"},{"taxonomy":"post_tag","embeddable":true,"href":"https:\/\/wpd.ugr.es\/~filolab\/wordpress\/wp-json\/wp\/v2\/tags?post=5188"}],"curies":[{"name":"wp","href":"https:\/\/api.w.org\/{rel}","templated":true}]}}