{"id":5550,"date":"2024-07-01T19:11:59","date_gmt":"2024-07-01T17:11:59","guid":{"rendered":"https:\/\/wpd.ugr.es\/~filolab\/wordpress\/?p=5550"},"modified":"2024-07-12T19:41:12","modified_gmt":"2024-07-12T17:41:12","slug":"workshop-analytic-philosophy-and-e-cognition","status":"publish","type":"post","link":"https:\/\/wpd.ugr.es\/~filolab\/wordpress\/2024\/07\/01\/workshop-analytic-philosophy-and-e-cognition\/","title":{"rendered":"Workshop: \u00abAnalytic Philosophy and E-Cognition\u00bb"},"content":{"rendered":"<p>Entre el 25 y el 27 de junio tuvo lugar, en el Carmen de la Victoria (Granada), el workshop \u00abAnalytic Philosophy and E-Cognition\u00bb. Organizado por Manolo Heras-Escribano (UGR), Lorena Lobo (UDIMA), V\u00edctor Fern\u00e1ndez Castro (UGR) y Mar\u00eda Rueda (UDIMA), ha contado con la participaci\u00f3n de notables especialistas que abordaron las relaciones entre la filosof\u00eda anal\u00edtica y los llamados enfoques &#8216;E&#8217; (embodied, enactive, ecological, extended, etc.) en ciencias cognitivas. Muchas gracias a todos y todas las participantes y asistentes. Pod\u00e9is encontrar los detalles y el programa completo de las sesiones <a href=\"https:\/\/anphilecog.wordpress.com\/\">aqu\u00ed<\/a>.<\/p>\n\n\n<figure class=\"wp-block-image size-large\"><img loading=\"lazy\" width=\"1024\" height=\"768\" src=\"http:\/\/wpd.ugr.es\/~filolab\/wordpress\/wp-content\/uploads\/2024\/06\/Workshop_E-cognition3-1024x768.jpeg\" alt=\"\" class=\"wp-image-5544\" srcset=\"https:\/\/wpd.ugr.es\/~filolab\/wordpress\/wp-content\/uploads\/2024\/06\/Workshop_E-cognition3-1024x768.jpeg 1024w, https:\/\/wpd.ugr.es\/~filolab\/wordpress\/wp-content\/uploads\/2024\/06\/Workshop_E-cognition3-300x225.jpeg 300w, https:\/\/wpd.ugr.es\/~filolab\/wordpress\/wp-content\/uploads\/2024\/06\/Workshop_E-cognition3-768x576.jpeg 768w, https:\/\/wpd.ugr.es\/~filolab\/wordpress\/wp-content\/uploads\/2024\/06\/Workshop_E-cognition3-1536x1152.jpeg 1536w, https:\/\/wpd.ugr.es\/~filolab\/wordpress\/wp-content\/uploads\/2024\/06\/Workshop_E-cognition3.jpeg 1600w\" sizes=\"(max-width: 1024px) 100vw, 1024px\" \/><\/figure>\n<!-- AddThis Advanced Settings generic via filter on the_content --><!-- AddThis Share Buttons generic via filter on the_content -->","protected":false},"excerpt":{"rendered":"<p>Entre el 25 y el 27 de junio tuvo lugar, en el Carmen de la Victoria (Granada), el workshop \u00abAnalytic Philosophy and E-Cognition\u00bb. Organizado por Manolo Heras-Escribano (UGR), Lorena Lobo (UDIMA), V\u00edctor Fern\u00e1ndez Castro (UGR) y Mar\u00eda Rueda (UDIMA), ha contado con la participaci\u00f3n de notables especialistas que abordaron las relaciones entre la filosof\u00eda anal\u00edtica [&hellip;]<!-- AddThis Advanced Settings generic via filter on get_the_excerpt --><!-- AddThis Share Buttons generic via filter on get_the_excerpt --><\/p>\n","protected":false},"author":1,"featured_media":5544,"comment_status":"open","ping_status":"open","sticky":false,"template":"","format":"standard","meta":[],"categories":[1239,16,1162,3340],"tags":[3344,3342,3346,535],"_links":{"self":[{"href":"https:\/\/wpd.ugr.es\/~filolab\/wordpress\/wp-json\/wp\/v2\/posts\/5550"}],"collection":[{"href":"https:\/\/wpd.ugr.es\/~filolab\/wordpress\/wp-json\/wp\/v2\/posts"}],"about":[{"href":"https:\/\/wpd.ugr.es\/~filolab\/wordpress\/wp-json\/wp\/v2\/types\/post"}],"author":[{"embeddable":true,"href":"https:\/\/wpd.ugr.es\/~filolab\/wordpress\/wp-json\/wp\/v2\/users\/1"}],"replies":[{"embeddable":true,"href":"https:\/\/wpd.ugr.es\/~filolab\/wordpress\/wp-json\/wp\/v2\/comments?post=5550"}],"version-history":[{"count":4,"href":"https:\/\/wpd.ugr.es\/~filolab\/wordpress\/wp-json\/wp\/v2\/posts\/5550\/revisions"}],"predecessor-version":[{"id":5590,"href":"https:\/\/wpd.ugr.es\/~filolab\/wordpress\/wp-json\/wp\/v2\/posts\/5550\/revisions\/5590"}],"wp:featuredmedia":[{"embeddable":true,"href":"https:\/\/wpd.ugr.es\/~filolab\/wordpress\/wp-json\/wp\/v2\/media\/5544"}],"wp:attachment":[{"href":"https:\/\/wpd.ugr.es\/~filolab\/wordpress\/wp-json\/wp\/v2\/media?parent=5550"}],"wp:term":[{"taxonomy":"category","embeddable":true,"href":"https:\/\/wpd.ugr.es\/~filolab\/wordpress\/wp-json\/wp\/v2\/categories?post=5550"},{"taxonomy":"post_tag","embeddable":true,"href":"https:\/\/wpd.ugr.es\/~filolab\/wordpress\/wp-json\/wp\/v2\/tags?post=5550"}],"curies":[{"name":"wp","href":"https:\/\/api.w.org\/{rel}","templated":true}]}}