{"id":5778,"date":"2024-09-04T12:04:49","date_gmt":"2024-09-04T10:04:49","guid":{"rendered":"https:\/\/wpd.ugr.es\/~filolab\/wordpress\/?p=5778"},"modified":"2024-09-04T12:17:44","modified_gmt":"2024-09-04T10:17:44","slug":"granada-conference-on-end-of-life-evidence-based-ethics-and-policy-making","status":"publish","type":"post","link":"https:\/\/wpd.ugr.es\/~filolab\/wordpress\/2024\/09\/04\/granada-conference-on-end-of-life-evidence-based-ethics-and-policy-making\/","title":{"rendered":"Granada Conference on End-of-Life: Evidence-Based Ethics and Policy-making"},"content":{"rendered":"<p>El pr\u00f3ximo 30 de septiembre de 2024 termina el plazo de recepci\u00f3n de <em>abstracts<\/em> para participar en el \u201cGranada Conference on End-of-Life: Evidence-Based Ethics and Policy-making\u201d, que tendr\u00e1 lugar los d\u00edas 8 y 9 de mayo de 2025 en el Carmen de la Victoria (Granada). En su organizaci\u00f3n participan varias personas asociadas a FiloLab, as\u00ed como la Red <span style=\"color: #3f96ac;\"><a style=\"color: #3f96ac;\" href=\"https:\/\/espacyoscom.weebly.com\/\">ESPACyOS <\/a><\/span>y el proyecto <span style=\"color: #3f96ac;\"><a style=\"color: #3f96ac;\" href=\"https:\/\/www.inedyto.com\/inedyto-ii-final-de-la-vida.html\">INEDyTO <\/a>2<\/span>, dirigido por <a href=\"https:\/\/wpd.ugr.es\/~filolab\/wordpress\/quienes-somos-nueva\/investigadores-garantes\/david-rodriguez-arias\/\"><span style=\"color: #3f96ac;\">David Rodr\u00edguez-Arias<\/span><\/a>. El evento acoger\u00e1 a acad\u00e9micos, cl\u00ednicos, expertos legales y responsables de pol\u00edticas p\u00fablicas interesados en el an\u00e1lisis emp\u00edrico y los aspectos regulatorios relacionados con la asistencia m\u00e9dica en el momento de la muerte y otros cuidados al final de la vida. Pueden consultarse m\u00e1s detalles y las condiciones para el env\u00edo de contribuciones en el <span style=\"color: #3f96ac;\"><a style=\"color: #3f96ac;\" href=\"https:\/\/www.gcel.es\/\">siguiente enlace<\/a><\/span>.<\/p>\n\n\n<figure class=\"wp-block-image size-large\"><img loading=\"lazy\" width=\"1024\" height=\"413\" src=\"https:\/\/wpd.ugr.es\/~filolab\/wordpress\/wp-content\/uploads\/2024\/09\/GCEL-1-1024x413.png\" alt=\"\" class=\"wp-image-5781\" srcset=\"https:\/\/wpd.ugr.es\/~filolab\/wordpress\/wp-content\/uploads\/2024\/09\/GCEL-1-1024x413.png 1024w, https:\/\/wpd.ugr.es\/~filolab\/wordpress\/wp-content\/uploads\/2024\/09\/GCEL-1-300x121.png 300w, https:\/\/wpd.ugr.es\/~filolab\/wordpress\/wp-content\/uploads\/2024\/09\/GCEL-1-768x310.png 768w, https:\/\/wpd.ugr.es\/~filolab\/wordpress\/wp-content\/uploads\/2024\/09\/GCEL-1.png 1090w\" sizes=\"(max-width: 1024px) 100vw, 1024px\" \/><\/figure>\n<!-- AddThis Advanced Settings generic via filter on the_content --><!-- AddThis Share Buttons generic via filter on the_content -->","protected":false},"excerpt":{"rendered":"<p>El pr\u00f3ximo 30 de septiembre de 2024 termina el plazo de recepci\u00f3n de abstracts para participar en el \u201cGranada Conference on End-of-Life: Evidence-Based Ethics and Policy-making\u201d, que tendr\u00e1 lugar los d\u00edas 8 y 9 de mayo de 2025 en el Carmen de la Victoria (Granada). En su organizaci\u00f3n participan varias personas asociadas a FiloLab, as\u00ed [&hellip;]<!-- AddThis Advanced Settings generic via filter on get_the_excerpt --><!-- AddThis Share Buttons generic via filter on get_the_excerpt --><\/p>\n","protected":false},"author":1,"featured_media":5779,"comment_status":"open","ping_status":"open","sticky":false,"template":"","format":"standard","meta":[],"categories":[141,180,1162],"tags":[437,3344,2611,987,3154,1624],"_links":{"self":[{"href":"https:\/\/wpd.ugr.es\/~filolab\/wordpress\/wp-json\/wp\/v2\/posts\/5778"}],"collection":[{"href":"https:\/\/wpd.ugr.es\/~filolab\/wordpress\/wp-json\/wp\/v2\/posts"}],"about":[{"href":"https:\/\/wpd.ugr.es\/~filolab\/wordpress\/wp-json\/wp\/v2\/types\/post"}],"author":[{"embeddable":true,"href":"https:\/\/wpd.ugr.es\/~filolab\/wordpress\/wp-json\/wp\/v2\/users\/1"}],"replies":[{"embeddable":true,"href":"https:\/\/wpd.ugr.es\/~filolab\/wordpress\/wp-json\/wp\/v2\/comments?post=5778"}],"version-history":[{"count":4,"href":"https:\/\/wpd.ugr.es\/~filolab\/wordpress\/wp-json\/wp\/v2\/posts\/5778\/revisions"}],"predecessor-version":[{"id":5787,"href":"https:\/\/wpd.ugr.es\/~filolab\/wordpress\/wp-json\/wp\/v2\/posts\/5778\/revisions\/5787"}],"wp:featuredmedia":[{"embeddable":true,"href":"https:\/\/wpd.ugr.es\/~filolab\/wordpress\/wp-json\/wp\/v2\/media\/5779"}],"wp:attachment":[{"href":"https:\/\/wpd.ugr.es\/~filolab\/wordpress\/wp-json\/wp\/v2\/media?parent=5778"}],"wp:term":[{"taxonomy":"category","embeddable":true,"href":"https:\/\/wpd.ugr.es\/~filolab\/wordpress\/wp-json\/wp\/v2\/categories?post=5778"},{"taxonomy":"post_tag","embeddable":true,"href":"https:\/\/wpd.ugr.es\/~filolab\/wordpress\/wp-json\/wp\/v2\/tags?post=5778"}],"curies":[{"name":"wp","href":"https:\/\/api.w.org\/{rel}","templated":true}]}}