{"id":5905,"date":"2024-10-11T13:00:02","date_gmt":"2024-10-11T11:00:02","guid":{"rendered":"https:\/\/wpd.ugr.es\/~filolab\/wordpress\/?p=5905"},"modified":"2024-10-11T13:05:39","modified_gmt":"2024-10-11T11:05:39","slug":"conferencia-conversatorio-violencia-obstetrica-analisis-desde-la-injusticia-epistemica-y-prospectiva-de-un-concepto-en-llamas","status":"publish","type":"post","link":"https:\/\/wpd.ugr.es\/~filolab\/wordpress\/2024\/10\/11\/conferencia-conversatorio-violencia-obstetrica-analisis-desde-la-injusticia-epistemica-y-prospectiva-de-un-concepto-en-llamas\/","title":{"rendered":"Conferencia: \u201cVIOLENCIA OBST\u00c9TRICA: an\u00e1lisis desde la injusticia epist\u00e9mica  y prospectiva de un concepto en llamas\u201d"},"content":{"rendered":"<p>El pasado 9 de octubre, nuestra compa\u00f1era <a href=\"https:\/\/wpd.ugr.es\/~filolab\/wordpress\/quienes-somos-nueva\/investigadores-garantes\/ester-masso-guijarro\/\"><span style=\"color: #3f96ac;\">Ester Mass\u00f3 Guijarro<\/span><\/a>, investigadora FiloLab y miembro de <span style=\"color: #3f96ac;\"><a style=\"color: #3f96ac;\" href=\"https:\/\/espacyoscom.weebly.com\/\">ESPACyOS<\/a> <\/span>y <span style=\"color: #3f96ac;\"><a style=\"color: #3f96ac;\" href=\"https:\/\/cyted.org\/LIBERESP\">LIBERESP<\/a><\/span>, imparti\u00f3 la Conferencia \u201cVIOLENCIA OBST\u00c9TRICA: an\u00e1lisis desde la injusticia epist\u00e9mica y prospectiva de un concepto en llamas\u201d, en el Conversatorio-Ateneo del Hospital Materno-Infantil de la Municipalidad de San Isidro (designado por UNICEF como \u00abAmigo de la Madre y el Ni\u00f1o\u00bb). Esta instituci\u00f3n forma parte del consorcio del proyecto europeo<span style=\"color: #3f96ac;\"> <a style=\"color: #3f96ac;\" href=\"https:\/\/respectfulcare.eu\/es\/quienes-somos\/\">IPOV-Respectful Care<\/a><\/span>, del que Ester Mass\u00f3 es Investigadora Responsable por la UGR.<\/p>\n<p>El evento se realiz\u00f3 en el marco del conjunto de actividades que Ester Mass\u00f3 est\u00e1 llevando cabo durante su estancia en Buenos Aires (Argentina) a instancias de dicho proyecto, que invita a reflexionar sobre las dimensiones sist\u00e9micas y estructurales de la violencia obst\u00e9trica, considerada por la OMS como un importante problema de salud p\u00fablica de alcance universal.<\/p>\n\n<figure class=\"wp-block-post-featured-image\"><img width=\"1080\" height=\"1080\" src=\"https:\/\/wpd.ugr.es\/~filolab\/wordpress\/wp-content\/uploads\/2024\/10\/Conferencia-VO-9Oct-1.png\" class=\"attachment-post-thumbnail size-post-thumbnail wp-post-image\" alt=\"\" loading=\"lazy\" srcset=\"https:\/\/wpd.ugr.es\/~filolab\/wordpress\/wp-content\/uploads\/2024\/10\/Conferencia-VO-9Oct-1.png 1080w, https:\/\/wpd.ugr.es\/~filolab\/wordpress\/wp-content\/uploads\/2024\/10\/Conferencia-VO-9Oct-1-300x300.png 300w, https:\/\/wpd.ugr.es\/~filolab\/wordpress\/wp-content\/uploads\/2024\/10\/Conferencia-VO-9Oct-1-1024x1024.png 1024w, https:\/\/wpd.ugr.es\/~filolab\/wordpress\/wp-content\/uploads\/2024\/10\/Conferencia-VO-9Oct-1-150x150.png 150w, https:\/\/wpd.ugr.es\/~filolab\/wordpress\/wp-content\/uploads\/2024\/10\/Conferencia-VO-9Oct-1-768x768.png 768w, https:\/\/wpd.ugr.es\/~filolab\/wordpress\/wp-content\/uploads\/2024\/10\/Conferencia-VO-9Oct-1-400x400.png 400w, https:\/\/wpd.ugr.es\/~filolab\/wordpress\/wp-content\/uploads\/2024\/10\/Conferencia-VO-9Oct-1-100x100.png 100w\" sizes=\"(max-width: 1080px) 100vw, 1080px\" \/><\/figure><!-- AddThis Advanced Settings generic via filter on the_content --><!-- AddThis Share Buttons generic via filter on the_content -->","protected":false},"excerpt":{"rendered":"<p>El pasado 9 de octubre, nuestra compa\u00f1era Ester Mass\u00f3 Guijarro, investigadora FiloLab y miembro de ESPACyOS y LIBERESP, imparti\u00f3 la Conferencia \u201cVIOLENCIA OBST\u00c9TRICA: an\u00e1lisis desde la injusticia epist\u00e9mica y prospectiva de un concepto en llamas\u201d, en el Conversatorio-Ateneo del Hospital Materno-Infantil de la Municipalidad de San Isidro (designado por UNICEF como \u00abAmigo de la Madre [&hellip;]<!-- AddThis Advanced Settings generic via filter on get_the_excerpt --><!-- AddThis Share Buttons generic via filter on get_the_excerpt --><\/p>\n","protected":false},"author":1,"featured_media":5906,"comment_status":"open","ping_status":"open","sticky":false,"template":"","format":"standard","meta":[],"categories":[1239,3392,16,2218,1162],"tags":[437,79,1207,3020,1524,1150,1202],"_links":{"self":[{"href":"https:\/\/wpd.ugr.es\/~filolab\/wordpress\/wp-json\/wp\/v2\/posts\/5905"}],"collection":[{"href":"https:\/\/wpd.ugr.es\/~filolab\/wordpress\/wp-json\/wp\/v2\/posts"}],"about":[{"href":"https:\/\/wpd.ugr.es\/~filolab\/wordpress\/wp-json\/wp\/v2\/types\/post"}],"author":[{"embeddable":true,"href":"https:\/\/wpd.ugr.es\/~filolab\/wordpress\/wp-json\/wp\/v2\/users\/1"}],"replies":[{"embeddable":true,"href":"https:\/\/wpd.ugr.es\/~filolab\/wordpress\/wp-json\/wp\/v2\/comments?post=5905"}],"version-history":[{"count":2,"href":"https:\/\/wpd.ugr.es\/~filolab\/wordpress\/wp-json\/wp\/v2\/posts\/5905\/revisions"}],"predecessor-version":[{"id":5909,"href":"https:\/\/wpd.ugr.es\/~filolab\/wordpress\/wp-json\/wp\/v2\/posts\/5905\/revisions\/5909"}],"wp:featuredmedia":[{"embeddable":true,"href":"https:\/\/wpd.ugr.es\/~filolab\/wordpress\/wp-json\/wp\/v2\/media\/5906"}],"wp:attachment":[{"href":"https:\/\/wpd.ugr.es\/~filolab\/wordpress\/wp-json\/wp\/v2\/media?parent=5905"}],"wp:term":[{"taxonomy":"category","embeddable":true,"href":"https:\/\/wpd.ugr.es\/~filolab\/wordpress\/wp-json\/wp\/v2\/categories?post=5905"},{"taxonomy":"post_tag","embeddable":true,"href":"https:\/\/wpd.ugr.es\/~filolab\/wordpress\/wp-json\/wp\/v2\/tags?post=5905"}],"curies":[{"name":"wp","href":"https:\/\/api.w.org\/{rel}","templated":true}]}}