{"id":5917,"date":"2024-10-18T15:50:24","date_gmt":"2024-10-18T13:50:24","guid":{"rendered":"https:\/\/wpd.ugr.es\/~filolab\/wordpress\/?p=5917"},"modified":"2024-10-18T15:55:03","modified_gmt":"2024-10-18T13:55:03","slug":"razones-para-leer-a-fredric-jameson-por-violeta-garrido","status":"publish","type":"post","link":"https:\/\/wpd.ugr.es\/~filolab\/wordpress\/2024\/10\/18\/razones-para-leer-a-fredric-jameson-por-violeta-garrido\/","title":{"rendered":"\u00abRazones para leer a Fredric Jameson\u00bb, por Violeta Garrido"},"content":{"rendered":"<p>El pasado 22 de septiembre fallec\u00eda el fil\u00f3sofo, cr\u00edtico y te\u00f3rico de la literatura Friedric Jameson. Unos d\u00edas despu\u00e9s, el 30 de septiembre, nuestra compa\u00f1era <a href=\"https:\/\/wpd.ugr.es\/~filolab\/wordpress\/quienes-somos-nueva\/investigadores-en-formacion\/violeta-garrido\/\">Violeta Garrido<\/a>, investigadora de FiloLab, public\u00f3 un obituario en el diario El Salto donde repasaba la trayectoria del pensador estadounidense y resaltaba su importancia para la filosof\u00eda y la cultura contempor\u00e1neas. Reproducimos a continuaci\u00f3n el inicio del art\u00edculo, que puede leerse \u00edntegramente en <a href=\"https:\/\/www.elsaltodiario.com\/opinion\/obituario-autor-marxista-fredric-jameson\">este enlace<\/a>.<br>\n***<br>\nEl 22 de septiembre de 2024 falleci\u00f3 a los 90 a\u00f1os de edad Fredric Jameson (1934-2024), profesor de Literatura en la Universidad de Duke. Antes pas\u00f3 por Harvard, California o Yale. Su p\u00e9rdida se hace especialmente notoria entre los marxistas de diverso pelaje porque, a mi parecer, encarnaba como pocos la actitud por antonomasia del materialista hist\u00f3rico, aquel que se acerca a la historia \u201ca contrapelo\u201d, si utilizamos la c\u00e9lebre expresi\u00f3n de Walter Benjamin. Quiz\u00e1s fuera uno de los pocos intelectuales que todav\u00eda ejerc\u00eda como tal. No era un mero especialista, que los hay y muy buenos en los m\u00e1s diversos campos del saber, era, por decirlo con Bourdieu, un intelectual total que despreci\u00f3 en el mejor sentido posible las f\u00e9rreas divisiones disciplinarias impuestas por las autoridades universitarias. Se interes\u00f3, por supuesto, por la literatura, disciplina en la que se form\u00f3 con Erich Auerbach, pero tambi\u00e9n en el urbanismo, el cine, la historia, la antropolog\u00eda y el pensamiento en general. Utiliz\u00f3 la teor\u00eda para comprender el mundo en toda su compleja dimensi\u00f3n porque sab\u00eda que en \u00faltima instancia era necesario transformarlo. Pese a que no fue un pol\u00edtico, sus ideas no solo deber\u00edan concernir a los acad\u00e9micos; gracias a las herramientas te\u00f3ricas que despleg\u00f3 es posible interpretar con acierto lo que sucede en las sociedades del capitalismo tard\u00edo, pero una lectura atenta de su obra revela, adem\u00e1s, que la teor\u00eda, por abstrusa que sea (y en su caso ciertamente lo es), puede convertirse en una fuente de goce est\u00e9tico o, al menos, en un intenso desaf\u00edo intelectual del que no se sale indemne.<\/p>\n\n\n<figure class=\"wp-block-image size-large\"><img loading=\"lazy\" width=\"1024\" height=\"683\" src=\"https:\/\/wpd.ugr.es\/~filolab\/wordpress\/wp-content\/uploads\/2024\/10\/Fredric_Jameson-1-1024x683.jpg\" alt=\"\" class=\"wp-image-5920\" srcset=\"https:\/\/wpd.ugr.es\/~filolab\/wordpress\/wp-content\/uploads\/2024\/10\/Fredric_Jameson-1-1024x683.jpg 1024w, https:\/\/wpd.ugr.es\/~filolab\/wordpress\/wp-content\/uploads\/2024\/10\/Fredric_Jameson-1-300x200.jpg 300w, https:\/\/wpd.ugr.es\/~filolab\/wordpress\/wp-content\/uploads\/2024\/10\/Fredric_Jameson-1-768x512.jpg 768w, https:\/\/wpd.ugr.es\/~filolab\/wordpress\/wp-content\/uploads\/2024\/10\/Fredric_Jameson-1-272x182.jpg 272w, https:\/\/wpd.ugr.es\/~filolab\/wordpress\/wp-content\/uploads\/2024\/10\/Fredric_Jameson-1.jpg 1500w\" sizes=\"(max-width: 1024px) 100vw, 1024px\" \/><\/figure>\n<!-- AddThis Advanced Settings generic via filter on the_content --><!-- AddThis Share Buttons generic via filter on the_content -->","protected":false},"excerpt":{"rendered":"<p>El pasado 22 de septiembre fallec\u00eda el fil\u00f3sofo, cr\u00edtico y te\u00f3rico de la literatura Friedric Jameson. Unos d\u00edas despu\u00e9s, el 30 de septiembre, nuestra compa\u00f1era Violeta Garrido, investigadora de FiloLab, public\u00f3 un obituario en el diario El Salto donde repasaba la trayectoria del pensador estadounidense y resaltaba su importancia para la filosof\u00eda y la cultura [&hellip;]<!-- AddThis Advanced Settings generic via filter on get_the_excerpt --><!-- AddThis Share Buttons generic via filter on get_the_excerpt --><\/p>\n","protected":false},"author":1,"featured_media":5918,"comment_status":"open","ping_status":"open","sticky":false,"template":"","format":"standard","meta":[],"categories":[222,16,21,1162],"tags":[2657,3426,2424,3422,3416,1365,3420,3424,3418],"_links":{"self":[{"href":"https:\/\/wpd.ugr.es\/~filolab\/wordpress\/wp-json\/wp\/v2\/posts\/5917"}],"collection":[{"href":"https:\/\/wpd.ugr.es\/~filolab\/wordpress\/wp-json\/wp\/v2\/posts"}],"about":[{"href":"https:\/\/wpd.ugr.es\/~filolab\/wordpress\/wp-json\/wp\/v2\/types\/post"}],"author":[{"embeddable":true,"href":"https:\/\/wpd.ugr.es\/~filolab\/wordpress\/wp-json\/wp\/v2\/users\/1"}],"replies":[{"embeddable":true,"href":"https:\/\/wpd.ugr.es\/~filolab\/wordpress\/wp-json\/wp\/v2\/comments?post=5917"}],"version-history":[{"count":3,"href":"https:\/\/wpd.ugr.es\/~filolab\/wordpress\/wp-json\/wp\/v2\/posts\/5917\/revisions"}],"predecessor-version":[{"id":5923,"href":"https:\/\/wpd.ugr.es\/~filolab\/wordpress\/wp-json\/wp\/v2\/posts\/5917\/revisions\/5923"}],"wp:featuredmedia":[{"embeddable":true,"href":"https:\/\/wpd.ugr.es\/~filolab\/wordpress\/wp-json\/wp\/v2\/media\/5918"}],"wp:attachment":[{"href":"https:\/\/wpd.ugr.es\/~filolab\/wordpress\/wp-json\/wp\/v2\/media?parent=5917"}],"wp:term":[{"taxonomy":"category","embeddable":true,"href":"https:\/\/wpd.ugr.es\/~filolab\/wordpress\/wp-json\/wp\/v2\/categories?post=5917"},{"taxonomy":"post_tag","embeddable":true,"href":"https:\/\/wpd.ugr.es\/~filolab\/wordpress\/wp-json\/wp\/v2\/tags?post=5917"}],"curies":[{"name":"wp","href":"https:\/\/api.w.org\/{rel}","templated":true}]}}