{"id":6028,"date":"2024-11-13T12:25:14","date_gmt":"2024-11-13T11:25:14","guid":{"rendered":"https:\/\/wpd.ugr.es\/~filolab\/wordpress\/?p=6028"},"modified":"2024-11-13T12:35:29","modified_gmt":"2024-11-13T11:35:29","slug":"participacion-en-prensa-el-deseo-de-un-albaicin-vivo-y-verdadero","status":"publish","type":"post","link":"https:\/\/wpd.ugr.es\/~filolab\/wordpress\/2024\/11\/13\/participacion-en-prensa-el-deseo-de-un-albaicin-vivo-y-verdadero\/","title":{"rendered":"Participaci\u00f3n en prensa: \u00abEl deseo de un Albaic\u00edn vivo y verdadero\u00bb"},"content":{"rendered":"<p>Nuestra compa\u00f1era <span style=\"color: #3f96ac;\"><a style=\"color: #3f96ac;\" href=\"https:\/\/wpd.ugr.es\/~filolab\/wordpress\/quienes-somos-nueva\/investigadores-garantes\/ester-masso-guijarro\/\">Ester Mass\u00f3 Guijarro<\/a><\/span>, investigadora de FiloLab y miembro de <a href=\"https:\/\/espacyoscom.weebly.com\/\"><span style=\"color: #3f96ac;\">ESPACyOS<\/span> <\/a>y <span style=\"color: #3f96ac;\"><a style=\"color: #3f96ac;\" href=\"https:\/\/www.cyted.org\/web_redes.php?id_rede=520\">LIBERESP<\/a><\/span>, ha colaborado como experta consultora en el reportaje \u201cEl deseo de un Albayz\u00edn vivo y verdadero\u201d, publicado en el diario IDEAL de Granada el 11 de noviembre de 2024, con motivo de las tres d\u00e9cadas de Patrimonio Mundial del Albaic\u00edn (y que puede consultarse <span style=\"color: #3f96ac;\"><a style=\"color: #3f96ac;\" href=\"https:\/\/www.ideal.es\/granada\/granada-puede\/deseo-albaicin-vivo-verdadero-20241111234908-nt.html\">aqu\u00ed<\/a><\/span>).<\/p>\n<p>Mass\u00f3 propone la necesidad de recuperar el tejido y la vida social del barrio como verdaderos dep\u00f3sitos de patrimonio inmaterial, frente a la gentrificaci\u00f3n y a la consideraci\u00f3n \u00fanicamente monumental que alimenta su explotaci\u00f3n tur\u00edstica. En otras publicaciones como <span style=\"color: #3f96ac;\"><a style=\"color: #3f96ac;\" href=\"https:\/\/revistas.comillas.edu\/index.php\/pensamiento\/article\/view\/7713\">esta<\/a><\/span>, la investigadora ha aplicado una dial\u00e9ctica decolonial a la noci\u00f3n de patrimonio.<\/p>\n\n\n<figure class=\"wp-block-image size-full\"><img loading=\"lazy\" width=\"669\" height=\"872\" src=\"https:\/\/wpd.ugr.es\/~filolab\/wordpress\/wp-content\/uploads\/2024\/11\/Recorte_IDEAL_albaicin.jpg\" alt=\"\" class=\"wp-image-6032\" srcset=\"https:\/\/wpd.ugr.es\/~filolab\/wordpress\/wp-content\/uploads\/2024\/11\/Recorte_IDEAL_albaicin.jpg 669w, https:\/\/wpd.ugr.es\/~filolab\/wordpress\/wp-content\/uploads\/2024\/11\/Recorte_IDEAL_albaicin-230x300.jpg 230w\" sizes=\"(max-width: 669px) 100vw, 669px\" \/><\/figure>\n<!-- AddThis Advanced Settings generic via filter on the_content --><!-- AddThis Share Buttons generic via filter on the_content -->","protected":false},"excerpt":{"rendered":"<p>Nuestra compa\u00f1era Ester Mass\u00f3 Guijarro, investigadora de FiloLab y miembro de ESPACyOS y LIBERESP, ha colaborado como experta consultora en el reportaje \u201cEl deseo de un Albayz\u00edn vivo y verdadero\u201d, publicado en el diario IDEAL de Granada el 11 de noviembre de 2024, con motivo de las tres d\u00e9cadas de Patrimonio Mundial del Albaic\u00edn (y [&hellip;]<!-- AddThis Advanced Settings generic via filter on get_the_excerpt --><!-- AddThis Share Buttons generic via filter on get_the_excerpt --><\/p>\n","protected":false},"author":1,"featured_media":6029,"comment_status":"open","ping_status":"open","sticky":false,"template":"","format":"standard","meta":[],"categories":[222,21,1162],"tags":[3474,3476,3478,3482,3480,3488,3486,3484],"_links":{"self":[{"href":"https:\/\/wpd.ugr.es\/~filolab\/wordpress\/wp-json\/wp\/v2\/posts\/6028"}],"collection":[{"href":"https:\/\/wpd.ugr.es\/~filolab\/wordpress\/wp-json\/wp\/v2\/posts"}],"about":[{"href":"https:\/\/wpd.ugr.es\/~filolab\/wordpress\/wp-json\/wp\/v2\/types\/post"}],"author":[{"embeddable":true,"href":"https:\/\/wpd.ugr.es\/~filolab\/wordpress\/wp-json\/wp\/v2\/users\/1"}],"replies":[{"embeddable":true,"href":"https:\/\/wpd.ugr.es\/~filolab\/wordpress\/wp-json\/wp\/v2\/comments?post=6028"}],"version-history":[{"count":3,"href":"https:\/\/wpd.ugr.es\/~filolab\/wordpress\/wp-json\/wp\/v2\/posts\/6028\/revisions"}],"predecessor-version":[{"id":6035,"href":"https:\/\/wpd.ugr.es\/~filolab\/wordpress\/wp-json\/wp\/v2\/posts\/6028\/revisions\/6035"}],"wp:featuredmedia":[{"embeddable":true,"href":"https:\/\/wpd.ugr.es\/~filolab\/wordpress\/wp-json\/wp\/v2\/media\/6029"}],"wp:attachment":[{"href":"https:\/\/wpd.ugr.es\/~filolab\/wordpress\/wp-json\/wp\/v2\/media?parent=6028"}],"wp:term":[{"taxonomy":"category","embeddable":true,"href":"https:\/\/wpd.ugr.es\/~filolab\/wordpress\/wp-json\/wp\/v2\/categories?post=6028"},{"taxonomy":"post_tag","embeddable":true,"href":"https:\/\/wpd.ugr.es\/~filolab\/wordpress\/wp-json\/wp\/v2\/tags?post=6028"}],"curies":[{"name":"wp","href":"https:\/\/api.w.org\/{rel}","templated":true}]}}