{"id":6121,"date":"2024-12-03T10:27:01","date_gmt":"2024-12-03T09:27:01","guid":{"rendered":"https:\/\/wpd.ugr.es\/~filolab\/wordpress\/?p=6121"},"modified":"2024-12-03T11:04:34","modified_gmt":"2024-12-03T10:04:34","slug":"conferencia-hipogalactia-social-y-violencia-obstetrica-lactancia-derecho-y-soberania","status":"publish","type":"post","link":"https:\/\/wpd.ugr.es\/~filolab\/wordpress\/2024\/12\/03\/conferencia-hipogalactia-social-y-violencia-obstetrica-lactancia-derecho-y-soberania\/","title":{"rendered":"Conferencia: \u00abHipogalactia social y violencia obst\u00e9trica: lactancia, derecho y soberan\u00eda\u00bb"},"content":{"rendered":"<p>El pasado 28 de noviembre nuestra compa\u00f1era <span style=\"color: #3f96ac;\"><a style=\"color: #3f96ac;\" href=\"https:\/\/wpd.ugr.es\/~filolab\/wordpress\/quienes-somos-nueva\/investigadores-garantes\/ester-masso-guijarro\/\">Ester Mass\u00f3 Guijarro<\/a><\/span>, investigadora FiloLab y miembro de <a href=\"https:\/\/espacyoscom.weebly.com\/\"><span style=\"color: #3f96ac;\">ESPACyOS<\/span> <\/a>y <span style=\"color: #3f96ac;\"><a style=\"color: #3f96ac;\" href=\"https:\/\/www.cyted.org\/LIBERESP\">LIBERESP<\/a><\/span>, imparti\u00f3 la conferencia \u201cHipogalactia social y violencia obst\u00e9trica: lactancia, derecho y soberan\u00eda\u201d, como ponente invitada en la <span style=\"color: #3f96ac;\"><a style=\"color: #3f96ac;\" href=\"https:\/\/www.acadp.org.ar\/\">Asociaci\u00f3n Civil de Puericultoras Argentinas<\/a><\/span>, la instituci\u00f3n nacional de mayor relevancia en apoyo a la lactancia materna, y que justo acaba de lograr el reconocimiento de entidad de formaci\u00f3n universitaria tras d\u00e9cadas de lucha.<br \/>El evento se realiz\u00f3 en el marco del conjunto de actividades que Ester Mass\u00f3 est\u00e1 llevando cabo durante su estancia en Buenos Aires (Argentina) a instancias del proyecto <a href=\"https:\/\/respectfulcare.eu\/es\/\"><span style=\"color: #3f96ac;\">IPOV-RESPECTFUL CARE<\/span><\/a>, del que Ester es Investigadora Responsable por la UGR.<br \/>En su ponencia, Mass\u00f3 desarroll\u00f3 su tesis sobre la condici\u00f3n <a href=\"https:\/\/es.wikipedia.org\/wiki\/Sindemia\"><span style=\"color: #3f96ac;\">sind\u00e9mica<\/span> <\/a>de la escasez de lactancia, pr\u00e1ctica subalternizada de forma sist\u00e9mica, as\u00ed como de la lactancia como primera forma de soberan\u00eda y seguridad alimentarias, entre otras cuestiones. El acto se encuadr\u00f3, adem\u00e1s, en la semana de celebraci\u00f3n por el <span style=\"color: #3f96ac;\"><a style=\"color: #3f96ac;\" href=\"https:\/\/www.un.org\/es\/observances\/ending-violence-against-women-day\">D\u00eda Internacional contra la Violencia de G\u00e9nero<\/a><\/span>.<\/p>\n\n\n<figure class=\"wp-block-image size-large\"><img loading=\"lazy\" width=\"725\" height=\"1024\" src=\"http:\/\/wpd.ugr.es\/~filolab\/wordpress\/wp-content\/uploads\/2024\/12\/CONFERENCIA-28-NOV-1-725x1024.jpg\" alt=\"\" class=\"wp-image-6125\" srcset=\"https:\/\/wpd.ugr.es\/~filolab\/wordpress\/wp-content\/uploads\/2024\/12\/CONFERENCIA-28-NOV-1-725x1024.jpg 725w, https:\/\/wpd.ugr.es\/~filolab\/wordpress\/wp-content\/uploads\/2024\/12\/CONFERENCIA-28-NOV-1-212x300.jpg 212w, https:\/\/wpd.ugr.es\/~filolab\/wordpress\/wp-content\/uploads\/2024\/12\/CONFERENCIA-28-NOV-1-768x1085.jpg 768w, https:\/\/wpd.ugr.es\/~filolab\/wordpress\/wp-content\/uploads\/2024\/12\/CONFERENCIA-28-NOV-1-1087x1536.jpg 1087w, https:\/\/wpd.ugr.es\/~filolab\/wordpress\/wp-content\/uploads\/2024\/12\/CONFERENCIA-28-NOV-1.jpg 1241w\" sizes=\"(max-width: 725px) 100vw, 725px\" \/><\/figure>\n<!-- AddThis Advanced Settings generic via filter on the_content --><!-- AddThis Share Buttons generic via filter on the_content -->","protected":false},"excerpt":{"rendered":"<p>El pasado 28 de noviembre nuestra compa\u00f1era Ester Mass\u00f3 Guijarro, investigadora FiloLab y miembro de ESPACyOS y LIBERESP, imparti\u00f3 la conferencia \u201cHipogalactia social y violencia obst\u00e9trica: lactancia, derecho y soberan\u00eda\u201d, como ponente invitada en la Asociaci\u00f3n Civil de Puericultoras Argentinas, la instituci\u00f3n nacional de mayor relevancia en apoyo a la lactancia materna, y que justo [&hellip;]<!-- AddThis Advanced Settings generic via filter on get_the_excerpt --><!-- AddThis Share Buttons generic via filter on get_the_excerpt --><\/p>\n","protected":false},"author":1,"featured_media":6122,"comment_status":"open","ping_status":"open","sticky":false,"template":"","format":"standard","meta":[],"categories":[1239,3392,16,1162],"tags":[3458,2042,1794,1524,1150,3534,3536],"_links":{"self":[{"href":"https:\/\/wpd.ugr.es\/~filolab\/wordpress\/wp-json\/wp\/v2\/posts\/6121"}],"collection":[{"href":"https:\/\/wpd.ugr.es\/~filolab\/wordpress\/wp-json\/wp\/v2\/posts"}],"about":[{"href":"https:\/\/wpd.ugr.es\/~filolab\/wordpress\/wp-json\/wp\/v2\/types\/post"}],"author":[{"embeddable":true,"href":"https:\/\/wpd.ugr.es\/~filolab\/wordpress\/wp-json\/wp\/v2\/users\/1"}],"replies":[{"embeddable":true,"href":"https:\/\/wpd.ugr.es\/~filolab\/wordpress\/wp-json\/wp\/v2\/comments?post=6121"}],"version-history":[{"count":3,"href":"https:\/\/wpd.ugr.es\/~filolab\/wordpress\/wp-json\/wp\/v2\/posts\/6121\/revisions"}],"predecessor-version":[{"id":6126,"href":"https:\/\/wpd.ugr.es\/~filolab\/wordpress\/wp-json\/wp\/v2\/posts\/6121\/revisions\/6126"}],"wp:featuredmedia":[{"embeddable":true,"href":"https:\/\/wpd.ugr.es\/~filolab\/wordpress\/wp-json\/wp\/v2\/media\/6122"}],"wp:attachment":[{"href":"https:\/\/wpd.ugr.es\/~filolab\/wordpress\/wp-json\/wp\/v2\/media?parent=6121"}],"wp:term":[{"taxonomy":"category","embeddable":true,"href":"https:\/\/wpd.ugr.es\/~filolab\/wordpress\/wp-json\/wp\/v2\/categories?post=6121"},{"taxonomy":"post_tag","embeddable":true,"href":"https:\/\/wpd.ugr.es\/~filolab\/wordpress\/wp-json\/wp\/v2\/tags?post=6121"}],"curies":[{"name":"wp","href":"https:\/\/api.w.org\/{rel}","templated":true}]}}