{"id":6494,"date":"2025-03-04T11:05:44","date_gmt":"2025-03-04T10:05:44","guid":{"rendered":"https:\/\/wpd.ugr.es\/~filolab\/wordpress\/?p=6494"},"modified":"2025-03-25T13:18:05","modified_gmt":"2025-03-25T12:18:05","slug":"sexto-ciclo-de-conferencias-filosofas-en-streaming","status":"publish","type":"post","link":"https:\/\/wpd.ugr.es\/~filolab\/wordpress\/2025\/03\/04\/sexto-ciclo-de-conferencias-filosofas-en-streaming\/","title":{"rendered":"Sexto ciclo de conferencias \u00abFil\u00f3sofas en streaming\u00bb"},"content":{"rendered":"<p>SWIP-Analytic Espa\u00f1a, en colaboraci\u00f3n con la Secci\u00f3n de Filosof\u00eda de la Universidad de la Laguna (ULL), celebra la quinta edici\u00f3n del ciclo de conferencias \u00abFil\u00f3sofas en streaming\u00bb.<\/p>\n<p>Estas conferencias ser\u00e1n en martes alternos (excepto el mi\u00e9rcoles 9 de abril), desde el 11 de marzo al 20 de de mayo de 2025 a las 17.30 hora peninsular espa\u00f1ola (16.30, hora canaria) en Google Meet. La asistencia a las conferencias es libre pero es necesario registrarse previamente a trav\u00e9s de <span style=\"color: #3f96ac;\"><a style=\"color: #3f96ac;\" href=\"https:\/\/forms.gle\/PbVcRUcFh7oWXB2r6\">este enlace<\/a><\/span>.<\/p>\n<p><span style=\"color: #3f96ac;\"><a style=\"color: #3f96ac;\" href=\"https:\/\/wpd.ugr.es\/~filolab\/wordpress\/quienes-somos-nueva\/investigadores-garantes\/maria-jose-frapolli\/\">Mar\u00eda Jos\u00e9 Fr\u00e1polli<\/a><\/span>, investigadora de FiloLab, es la responsable en Espa\u00f1a de SWIP-Analytic (la rama anal\u00edtica de la <em>Society for Women in Philosophy<\/em>), en cuya p\u00e1gina web (<span style=\"color: #3f96ac;\"><a style=\"color: #3f96ac;\" href=\"https:\/\/wpd.ugr.es\/~swipa\/wordpress\/?page_id=103\">enlace<\/a><\/span>) pod\u00e9is encontrar m\u00e1s detalles. A continuaci\u00f3n reproducimos el programa de conferencias.\u00a0<\/p>\n<p><strong>Programa<\/strong>:\u00a0<\/p>\n<ul>\n<li>D\u00eda\u00a011 de marzo:\u00a0Violeta Conde\u00a0(USC), \u00ab<span style=\"color: #3f96ac;\"><a style=\"color: #3f96ac;\" href=\"https:\/\/wpd.ugr.es\/~swipa\/wordpress\/\">Entender las esencias para entender la modalidad: una aproximaci\u00f3n web-consecuencialista<\/a><\/span>\u00ab<\/li>\n<li>D\u00eda\u00a09 de abril:\u00a0Jes\u00fas Navarro\u00a0(US),\u00a0\u00abInjusticia hermen\u00e9utica, comprensi\u00f3n y saber hacer\u00bb<\/li>\n<li>D\u00eda\u00a029 de abril:\u00a0Irene Mart\u00ednez\u00a0(UU), \u00abCoherencia est\u00e9tica\u00bb<\/li>\n<li>D\u00eda 6 de mayo:\u00a0<span style=\"color: #3f96ac;\"><a style=\"color: #3f96ac;\" href=\"https:\/\/wpd.ugr.es\/~filolab\/wordpress\/quienes-somos-nueva\/investigadores-colaboradores-de-centros-nacionales-e-internacionales\/alba-moreno-zurita\/\">Alba Moreno Zurita<\/a><\/span>\u00a0(USC), \u00abNi contrapartidas ni neutrales\u00bb<\/li>\n<li>D\u00eda\u00a020 de mayo:\u00a0Saray Ayala\u00a0(CSUS), T\u00edtulo pendiente de confirmaci\u00f3n<\/li>\n<\/ul>\n\n\n<figure class=\"wp-block-image size-full\"><img loading=\"lazy\" width=\"520\" height=\"520\" src=\"http:\/\/wpd.ugr.es\/~filolab\/wordpress\/wp-content\/uploads\/2025\/03\/SWIP-Espana.jpg\" alt=\"\" class=\"wp-image-6495\" srcset=\"https:\/\/wpd.ugr.es\/~filolab\/wordpress\/wp-content\/uploads\/2025\/03\/SWIP-Espana.jpg 520w, https:\/\/wpd.ugr.es\/~filolab\/wordpress\/wp-content\/uploads\/2025\/03\/SWIP-Espana-300x300.jpg 300w, https:\/\/wpd.ugr.es\/~filolab\/wordpress\/wp-content\/uploads\/2025\/03\/SWIP-Espana-150x150.jpg 150w, https:\/\/wpd.ugr.es\/~filolab\/wordpress\/wp-content\/uploads\/2025\/03\/SWIP-Espana-400x400.jpg 400w, https:\/\/wpd.ugr.es\/~filolab\/wordpress\/wp-content\/uploads\/2025\/03\/SWIP-Espana-100x100.jpg 100w\" sizes=\"(max-width: 520px) 100vw, 520px\" \/><\/figure>\n<!-- AddThis Advanced Settings generic via filter on the_content --><!-- AddThis Share Buttons generic via filter on the_content -->","protected":false},"excerpt":{"rendered":"<p>SWIP-Analytic Espa\u00f1a, en colaboraci\u00f3n con la Secci\u00f3n de Filosof\u00eda de la Universidad de la Laguna (ULL), celebra la quinta edici\u00f3n del ciclo de conferencias \u00abFil\u00f3sofas en streaming\u00bb. Estas conferencias ser\u00e1n en martes alternos (excepto el mi\u00e9rcoles 9 de abril), desde el 11 de marzo al 20 de de mayo de 2025 a las 17.30 hora [&hellip;]<!-- AddThis Advanced Settings generic via filter on get_the_excerpt --><!-- AddThis Share Buttons generic via filter on get_the_excerpt --><\/p>\n","protected":false},"author":1,"featured_media":6495,"comment_status":"open","ping_status":"open","sticky":false,"template":"","format":"standard","meta":[],"categories":[1239,3392,141,16,73],"tags":[2895,3726,3728],"_links":{"self":[{"href":"https:\/\/wpd.ugr.es\/~filolab\/wordpress\/wp-json\/wp\/v2\/posts\/6494"}],"collection":[{"href":"https:\/\/wpd.ugr.es\/~filolab\/wordpress\/wp-json\/wp\/v2\/posts"}],"about":[{"href":"https:\/\/wpd.ugr.es\/~filolab\/wordpress\/wp-json\/wp\/v2\/types\/post"}],"author":[{"embeddable":true,"href":"https:\/\/wpd.ugr.es\/~filolab\/wordpress\/wp-json\/wp\/v2\/users\/1"}],"replies":[{"embeddable":true,"href":"https:\/\/wpd.ugr.es\/~filolab\/wordpress\/wp-json\/wp\/v2\/comments?post=6494"}],"version-history":[{"count":6,"href":"https:\/\/wpd.ugr.es\/~filolab\/wordpress\/wp-json\/wp\/v2\/posts\/6494\/revisions"}],"predecessor-version":[{"id":6588,"href":"https:\/\/wpd.ugr.es\/~filolab\/wordpress\/wp-json\/wp\/v2\/posts\/6494\/revisions\/6588"}],"wp:featuredmedia":[{"embeddable":true,"href":"https:\/\/wpd.ugr.es\/~filolab\/wordpress\/wp-json\/wp\/v2\/media\/6495"}],"wp:attachment":[{"href":"https:\/\/wpd.ugr.es\/~filolab\/wordpress\/wp-json\/wp\/v2\/media?parent=6494"}],"wp:term":[{"taxonomy":"category","embeddable":true,"href":"https:\/\/wpd.ugr.es\/~filolab\/wordpress\/wp-json\/wp\/v2\/categories?post=6494"},{"taxonomy":"post_tag","embeddable":true,"href":"https:\/\/wpd.ugr.es\/~filolab\/wordpress\/wp-json\/wp\/v2\/tags?post=6494"}],"curies":[{"name":"wp","href":"https:\/\/api.w.org\/{rel}","templated":true}]}}