{"id":6516,"date":"2025-03-07T10:55:30","date_gmt":"2025-03-07T09:55:30","guid":{"rendered":"https:\/\/wpd.ugr.es\/~filolab\/wordpress\/?p=6516"},"modified":"2025-03-19T10:10:59","modified_gmt":"2025-03-19T09:10:59","slug":"red-de-jovenes-investigadores-leibniz","status":"publish","type":"post","link":"https:\/\/wpd.ugr.es\/~filolab\/wordpress\/2025\/03\/07\/red-de-jovenes-investigadores-leibniz\/","title":{"rendered":"Seminario de J\u00f3venes Investigadores Leibniz"},"content":{"rendered":"<p>La Red de J\u00f3venes Investigadores Leibniz es una nueva iniciativa impulsada por la Red Iberoamericana Leibniz en colaboraci\u00f3n con la <span style=\"color: #3f96ac;\"><a style=\"color: #3f96ac;\" href=\"https:\/\/leibniz.es\/\">C\u00e1tedra de Filosof\u00eda G.W. Leibniz<\/a><\/span> de la Universidad de Granada. Su objetivo es crear un espacio de intercambio acad\u00e9mico para j\u00f3venes investigadores centrados en el pensamiento de Leibniz y su di\u00e1logo con otras corrientes filos\u00f3ficas.<\/p>\n<p>La Red organiza cuatro tipos de actividades principales:<\/p>\n<p>\ud83d\udd39 Seminario de J\u00f3venes Investigadores Leibniz: encuentros virtuales bimestrales donde se presentan y discuten investigaciones en curso. Las sesiones incluyen exposiciones de los ponentes, comentarios de un \u00abLector cr\u00edtico\u00bb y debate con los participantes. Se utilizar\u00e1n Google Meet y Google Classroom para facilitar la interacci\u00f3n.<\/p>\n<p>\ud83d\udd39 Formaci\u00f3n metodol\u00f3gica: actividades orientadas al aprendizaje de herramientas de edici\u00f3n acad\u00e9mica promovidas por la Leibniz-Gemeinschaft y la edici\u00f3n en espa\u00f1ol de las Obras filos\u00f3ficas y cient\u00edficas de Leibniz.<\/p>\n<p>\ud83d\udd39 Publicaciones acad\u00e9micas: posibilidad de publicar los trabajos presentados en editoriales reconocidas o en revistas especializadas.<\/p>\n<p>\ud83d\udd39 Congresos de la Red: encuentros presenciales peri\u00f3dicos, coincidiendo con los congresos internacionales de la Red Iberoamericana Leibniz, para fortalecer la comunidad investigadora.<\/p>\n<p>\ud83d\udcc5 Pr\u00f3ximos pasos<br \/>Adjuntamos cartel de la primera sesi\u00f3n del Seminario de J\u00f3venes Investigadores Leibniz, que ser\u00e1 el pr\u00f3ximo 18 de marzo, de 17 a 19.30 (hora de Espa\u00f1a peninsular). Cada dos meses, aproximadamente, habr\u00e1 una nueva sesi\u00f3n. El programa y horario de las sesiones se puede consultar en <span style=\"color: #3f96ac;\"><a style=\"color: #3f96ac;\" href=\"https:\/\/leibniz.es\/reuniones-red-jovenes-investigadores\/\">este enlace<\/a><\/span>.<\/p>\n<p>\ud83d\udccc \u00a1\u00danete a la Red!<br \/>Si eres un joven investigador interesado en Leibniz y quieres participar en nuestras actividades, puedes unirte a nuestro grupo de Google Classroom <span style=\"color: #3f96ac;\"><a style=\"color: #3f96ac;\" href=\"https:\/\/classroom.google.com\/c\/nzuwnty5ndg5ndkz\">aqu\u00ed<\/a><\/span>.<\/p>\n<p>Para m\u00e1s informaci\u00f3n, visita la <span style=\"color: #3f96ac;\"><a style=\"color: #3f96ac;\" href=\"https:\/\/leibniz.es\/presentacion-red-de-jovenes-investigadores\/\">p\u00e1gina web del proyecto<\/a><\/span>.<\/p>\n\n\n<figure class=\"wp-block-image size-large\"><img loading=\"lazy\" width=\"724\" height=\"1024\" src=\"https:\/\/wpd.ugr.es\/~filolab\/wordpress\/wp-content\/uploads\/2025\/03\/Sesion-I-Seminario-Red-de-Jovenes-Leibniz-724x1024.jpg\" alt=\"\" class=\"wp-image-6567\" srcset=\"https:\/\/wpd.ugr.es\/~filolab\/wordpress\/wp-content\/uploads\/2025\/03\/Sesion-I-Seminario-Red-de-Jovenes-Leibniz-724x1024.jpg 724w, https:\/\/wpd.ugr.es\/~filolab\/wordpress\/wp-content\/uploads\/2025\/03\/Sesion-I-Seminario-Red-de-Jovenes-Leibniz-212x300.jpg 212w, https:\/\/wpd.ugr.es\/~filolab\/wordpress\/wp-content\/uploads\/2025\/03\/Sesion-I-Seminario-Red-de-Jovenes-Leibniz-768x1086.jpg 768w, https:\/\/wpd.ugr.es\/~filolab\/wordpress\/wp-content\/uploads\/2025\/03\/Sesion-I-Seminario-Red-de-Jovenes-Leibniz-1086x1536.jpg 1086w, https:\/\/wpd.ugr.es\/~filolab\/wordpress\/wp-content\/uploads\/2025\/03\/Sesion-I-Seminario-Red-de-Jovenes-Leibniz.jpg 1241w\" sizes=\"(max-width: 724px) 100vw, 724px\" \/><figcaption><em>Cartel de la primera sesi\u00f3n<\/em><\/figcaption><\/figure>\n<!-- AddThis Advanced Settings generic via filter on the_content --><!-- AddThis Share Buttons generic via filter on the_content -->","protected":false},"excerpt":{"rendered":"<p>La Red de J\u00f3venes Investigadores Leibniz es una nueva iniciativa impulsada por la Red Iberoamericana Leibniz en colaboraci\u00f3n con la C\u00e1tedra de Filosof\u00eda G.W. Leibniz de la Universidad de Granada. Su objetivo es crear un espacio de intercambio acad\u00e9mico para j\u00f3venes investigadores centrados en el pensamiento de Leibniz y su di\u00e1logo con otras corrientes filos\u00f3ficas. [&hellip;]<!-- AddThis Advanced Settings generic via filter on get_the_excerpt --><!-- AddThis Share Buttons generic via filter on get_the_excerpt --><\/p>\n","protected":false},"author":1,"featured_media":6523,"comment_status":"open","ping_status":"open","sticky":false,"template":"","format":"standard","meta":[],"categories":[1239,180,16,1162],"tags":[753],"_links":{"self":[{"href":"https:\/\/wpd.ugr.es\/~filolab\/wordpress\/wp-json\/wp\/v2\/posts\/6516"}],"collection":[{"href":"https:\/\/wpd.ugr.es\/~filolab\/wordpress\/wp-json\/wp\/v2\/posts"}],"about":[{"href":"https:\/\/wpd.ugr.es\/~filolab\/wordpress\/wp-json\/wp\/v2\/types\/post"}],"author":[{"embeddable":true,"href":"https:\/\/wpd.ugr.es\/~filolab\/wordpress\/wp-json\/wp\/v2\/users\/1"}],"replies":[{"embeddable":true,"href":"https:\/\/wpd.ugr.es\/~filolab\/wordpress\/wp-json\/wp\/v2\/comments?post=6516"}],"version-history":[{"count":5,"href":"https:\/\/wpd.ugr.es\/~filolab\/wordpress\/wp-json\/wp\/v2\/posts\/6516\/revisions"}],"predecessor-version":[{"id":6569,"href":"https:\/\/wpd.ugr.es\/~filolab\/wordpress\/wp-json\/wp\/v2\/posts\/6516\/revisions\/6569"}],"wp:featuredmedia":[{"embeddable":true,"href":"https:\/\/wpd.ugr.es\/~filolab\/wordpress\/wp-json\/wp\/v2\/media\/6523"}],"wp:attachment":[{"href":"https:\/\/wpd.ugr.es\/~filolab\/wordpress\/wp-json\/wp\/v2\/media?parent=6516"}],"wp:term":[{"taxonomy":"category","embeddable":true,"href":"https:\/\/wpd.ugr.es\/~filolab\/wordpress\/wp-json\/wp\/v2\/categories?post=6516"},{"taxonomy":"post_tag","embeddable":true,"href":"https:\/\/wpd.ugr.es\/~filolab\/wordpress\/wp-json\/wp\/v2\/tags?post=6516"}],"curies":[{"name":"wp","href":"https:\/\/api.w.org\/{rel}","templated":true}]}}